{"id":2760,"date":"2016-10-14T10:41:43","date_gmt":"2016-10-14T13:41:43","guid":{"rendered":"http:\/\/www.sertsc.org.br\/site\/?p=2760"},"modified":"2016-10-14T10:41:43","modified_gmt":"2016-10-14T13:41:43","slug":"em-poucos-dias-brasilia-e-entorno-terao-apenas-tv-digital","status":"publish","type":"post","link":"https:\/\/sertsc.org.br\/site\/em-poucos-dias-brasilia-e-entorno-terao-apenas-tv-digital\/","title":{"rendered":"Em poucos dias, Bras\u00edlia e entorno ter\u00e3o apenas TV Digital"},"content":{"rendered":"<p>Bras\u00edlia ser\u00e1 a primeira capital do pa\u00eds a ter o sinal anal\u00f3gico de TV totalmente desligado. No pr\u00f3ximo dia 26 de outubro, a capital federal e mais nove cidades do entorno do Distrito federal receber\u00e3o o sinal digital da TV aberta, com a imagem limpa, livre de chuviscos e interfer\u00eancias.<\/p>\n<p>Durante 10 dias (3 a 12 de outubro), um caminh\u00e3o percorreu 16 cidades do entorno do DF levando informa\u00e7\u00f5es \u00e0 popula\u00e7\u00e3o sobre o desligamento da TV anal\u00f3gica. A Onda Digital foi mais uma a\u00e7\u00e3o de mobiliza\u00e7\u00e3o criada pela TV Globo.<\/p>\n<p>Outro projeto de sucesso foi a Patrulha Digital. T\u00e9cnicos e engenheiros da TV Globo acompanhavam os alunos volunt\u00e1rios do Senai e do Instituto Federal de Goi\u00e1s nas visitas \u00e0s casas, orientando a popula\u00e7\u00e3o sobre a instala\u00e7\u00e3o do conversor digital, a sintoniza\u00e7\u00e3o da TV e o apontamento da antena. A Globeleza \u00c9rika Moura, madrinha da a\u00e7\u00e3o, participou das visitas.<\/p>\n<p>Cristalina, Luzi\u00e2nia, Cidade Ocidental, Valpara\u00edso de Goi\u00e1s, Novo Gama, Santo Ant\u00f4nio do Descoberto, \u00c1guas Lindas, Planaltina e Formosa foram as cidades goianas que receberam a Patrulha Digital, al\u00e9m das cidades do entorno do DF: Ceil\u00e2ndia, S\u00e3o Sebasti\u00e3o, Taguatinga, Guar\u00e1, Eixo Monumental, Sobradinho e Planaltina.<\/p>\n<p>De acordo com o engenheiro de Projetos Especiais da Globo, Andr\u00e9 Dias, a a\u00e7\u00e3o superou as expectativas. &#8220;A Onda Digital \u00e9 um trabalho informativo para popula\u00e7\u00e3o, mas \u00e9 extremamente emocionante ver a rea\u00e7\u00e3o das pessoas quando o sinal \u00e9 convertido para o digital. A televis\u00e3o \u00e9 muito importante na vida das pessoas e para muitos \u00e9 o \u00fanico companheiro. E v\u00ea-las se surpreendendo com melhor imagem, melhor som e ainda de gra\u00e7a \u00e9 gratificante&#8221;, comentou Dias.<\/p>\n<p>Em Ceil\u00e2ndia, a Patrulha Digital instalou o conversor e a antena na casa de um deficiente visual. O sinal digital permite que pessoas portadoras de defici\u00eancia visual acionem o sistema de Audiodescri\u00e7\u00e3o (faixa narrativa adicional). O recurso oferece pausas entre falas e di\u00e1logos,e um narrador descreve as imagens que aparecem na tela como o cen\u00e1rio e a express\u00e3o e gestos feitos pelas pessoas.<\/p>\n<p>Fonte: ABERT<\/p>\n","protected":false},"excerpt":{"rendered":"<p>Bras\u00edlia ser\u00e1 a primeira capital do pa\u00eds a ter o&hellip;<\/p>\n<p> <a class=\"more-link\" href=\"https:\/\/sertsc.org.br\/site\/em-poucos-dias-brasilia-e-entorno-terao-apenas-tv-digital\/\">Leia mais<\/a><\/p>\n","protected":false},"author":1,"featured_media":2584,"comment_status":"closed","ping_status":"open","sticky":false,"template":"","format":"standard","meta":{"footnotes":""},"categories":[3],"tags":[],"class_list":{"0":"post-2760","1":"post","2":"type-post","3":"status-publish","4":"format-standard","5":"has-post-thumbnail","7":"category-noticias"},"_links":{"self":[{"href":"https:\/\/sertsc.org.br\/site\/wp-json\/wp\/v2\/posts\/2760","targetHints":{"allow":["GET"]}}],"collection":[{"href":"https:\/\/sertsc.org.br\/site\/wp-json\/wp\/v2\/posts"}],"about":[{"href":"https:\/\/sertsc.org.br\/site\/wp-json\/wp\/v2\/types\/post"}],"author":[{"embeddable":true,"href":"https:\/\/sertsc.org.br\/site\/wp-json\/wp\/v2\/users\/1"}],"replies":[{"embeddable":true,"href":"https:\/\/sertsc.org.br\/site\/wp-json\/wp\/v2\/comments?post=2760"}],"version-history":[{"count":0,"href":"https:\/\/sertsc.org.br\/site\/wp-json\/wp\/v2\/posts\/2760\/revisions"}],"wp:featuredmedia":[{"embeddable":true,"href":"https:\/\/sertsc.org.br\/site\/wp-json\/"}],"wp:attachment":[{"href":"https:\/\/sertsc.org.br\/site\/wp-json\/wp\/v2\/media?parent=2760"}],"wp:term":[{"taxonomy":"category","embeddable":true,"href":"https:\/\/sertsc.org.br\/site\/wp-json\/wp\/v2\/categories?post=2760"},{"taxonomy":"post_tag","embeddable":true,"href":"https:\/\/sertsc.org.br\/site\/wp-json\/wp\/v2\/tags?post=2760"}],"curies":[{"name":"wp","href":"https:\/\/api.w.org\/{rel}","templated":true}]}}