{"id":2404,"date":"2016-09-20T11:41:19","date_gmt":"2016-09-20T14:41:19","guid":{"rendered":"http:\/\/www.sertsc.org.br\/site\/?p=2404"},"modified":"2016-09-20T11:41:19","modified_gmt":"2016-09-20T14:41:19","slug":"fenaert-anuncia-fernando-morgado-para-coordenar-pos-graduacao-em-gestao-de-empresas-de-radiodifusao","status":"publish","type":"post","link":"https:\/\/sertsc.org.br\/site\/fenaert-anuncia-fernando-morgado-para-coordenar-pos-graduacao-em-gestao-de-empresas-de-radiodifusao\/","title":{"rendered":"FENAERT anuncia Fernando Morgado para coordenar a comunica\u00e7\u00e3o da p\u00f3s-gradua\u00e7\u00e3o em Gest\u00e3o de Empresas de Radiodifus\u00e3o"},"content":{"rendered":"<figure id=\"attachment_2405\" aria-describedby=\"caption-attachment-2405\" style=\"width: 210px\" class=\"wp-caption alignleft\"><img decoding=\"async\" class=\" wp-image-2405\" src=\"http:\/\/www.sertsc.org.br\/site\/wp-content\/uploads\/2016\/09\/11825711_887457874679875_6745251983255488712_n-300x300.jpg\" alt=\"Acervo Pessoal.\" width=\"210\" height=\"210\" \/><figcaption id=\"caption-attachment-2405\" class=\"wp-caption-text\">Acervo Pessoal.<\/figcaption><\/figure>\n<p style=\"text-align: justify;\">A Federa\u00e7\u00e3o Nacional das Empresas de R\u00e1dio e Televis\u00e3o &#8211; FENAERT, que \u00e9 a representante legal das emissoras brasileiras, promove a primeira e \u00fanica p\u00f3s-gradua\u00e7\u00e3o em Gest\u00e3o de Empresas de Radiodifus\u00e3o no pa\u00eds. Ser\u00e1 realizada no Centro Universit\u00e1rio Internacional UNINTER. Para coordenar as a\u00e7\u00f5es e a divulga\u00e7\u00e3o da p\u00f3s-gradua\u00e7\u00e3o entre seus associados, a FENAERT contratou <strong>Fernando Morgado<\/strong>, professor de Dire\u00e7\u00e3o e Produ\u00e7\u00e3o em R\u00e1dio e de Hist\u00f3ria da Televis\u00e3o Mundial das Faculdades Integradas H\u00e9lio Alonso (FACHA), palestrante de semin\u00e1rios de radiodifus\u00e3o desde os 22 anos de idade, autor da biografia do apresentador Blota Jr. e com passagens por grandes emissoras brasileiras.<\/p>\n<p style=\"text-align: justify;\">&#8220;Trata-se de uma iniciativa diretamente relacionada com as finalidades da Federa\u00e7\u00e3o, que tem liga\u00e7\u00e3o direta com as \u00e1reas de recursos humanos das r\u00e1dios e TVs abertas do pa\u00eds. Essa p\u00f3s-gradua\u00e7\u00e3o promovida pela FENAERT e realizada pela UNINTER \u00e9 a maior iniciativa de forma\u00e7\u00e3o profissional j\u00e1 realizada na radiodifus\u00e3o brasileira, que exige uma m\u00e3o-de-obra muito especializada&#8221;, diz Morgado.<\/p>\n<p style=\"text-align: justify;\">A grade da p\u00f3s-gradua\u00e7\u00e3o inclui as mais diferentes \u00e1reas de trabalho dentro de uma r\u00e1dio, indo desde programa\u00e7\u00e3o at\u00e9 comercializa\u00e7\u00e3o, passando por m\u00eddias sociais, promo\u00e7\u00f5es, gest\u00e3o de pessoas, legisla\u00e7\u00e3o e planejamento estrat\u00e9gico. Para Morgado, o fato de a p\u00f3s-gradua\u00e7\u00e3o ser \u00e0 dist\u00e2ncia traz uma s\u00e9rie de benef\u00edcios. &#8220;O r\u00e1dio \u00e9 uma m\u00eddia com alta capilaridade, alcan\u00e7ando todos os munic\u00edpios atrav\u00e9s de milhares de esta\u00e7\u00f5es. Gra\u00e7as ao EaD, profissionais de todo o pa\u00eds, n\u00e3o importa onde estejam, podem adquirir novos conhecimentos, melhorar seu curr\u00edculo e desenvolver diferenciais competitivos para as r\u00e1dios onde trabalham nos hor\u00e1rios que lhe forem mais convenientes&#8221;, completa Morgado.<\/p>\n<p style=\"text-align: justify;\">Tanto a mensalidade da p\u00f3s-gradua\u00e7\u00e3o quanto cada disciplina avulsa custam R$ 250,00. As emissoras que desejarem podem converter o valor do curso em espa\u00e7o publicit\u00e1rio, ap\u00f3s avalia\u00e7\u00e3o da UNINTER. Ou seja: uma grade curricular \u00fanica, realizada pela principal refer\u00eancia em ensino \u00e0 dist\u00e2ncia no Brasil e com pre\u00e7os acess\u00edveis e excelentes condi\u00e7\u00f5es de pagamento.<\/p>\n<p style=\"text-align: justify;\">Servi\u00e7o:<br \/>\nP\u00f3s-Gradu\u00e7\u00e3o Gest\u00e3o em Radiodifus\u00e3o<br \/>\nInscri\u00e7\u00f5es para primeira turma at\u00e9 21 de setembro atrav\u00e9s do site: www.uninter.com\/radiosparceiras<br \/>\nInforma\u00e7\u00f5es: (41) 3352-1700<\/p>\n<p style=\"text-align: justify;\">Com informa\u00e7\u00f5es da FENAERT.<\/p>\n<p>&nbsp;<\/p>\n","protected":false},"excerpt":{"rendered":"<p>A Federa\u00e7\u00e3o Nacional das Empresas de R\u00e1dio e Televis\u00e3o &#8211;&hellip;<\/p>\n<p> <a class=\"more-link\" href=\"https:\/\/sertsc.org.br\/site\/fenaert-anuncia-fernando-morgado-para-coordenar-pos-graduacao-em-gestao-de-empresas-de-radiodifusao\/\">Leia mais<\/a><\/p>\n","protected":false},"author":1,"featured_media":2405,"comment_status":"closed","ping_status":"open","sticky":false,"template":"","format":"standard","meta":{"footnotes":""},"categories":[3],"tags":[],"class_list":{"0":"post-2404","1":"post","2":"type-post","3":"status-publish","4":"format-standard","5":"has-post-thumbnail","7":"category-noticias"},"_links":{"self":[{"href":"https:\/\/sertsc.org.br\/site\/wp-json\/wp\/v2\/posts\/2404","targetHints":{"allow":["GET"]}}],"collection":[{"href":"https:\/\/sertsc.org.br\/site\/wp-json\/wp\/v2\/posts"}],"about":[{"href":"https:\/\/sertsc.org.br\/site\/wp-json\/wp\/v2\/types\/post"}],"author":[{"embeddable":true,"href":"https:\/\/sertsc.org.br\/site\/wp-json\/wp\/v2\/users\/1"}],"replies":[{"embeddable":true,"href":"https:\/\/sertsc.org.br\/site\/wp-json\/wp\/v2\/comments?post=2404"}],"version-history":[{"count":0,"href":"https:\/\/sertsc.org.br\/site\/wp-json\/wp\/v2\/posts\/2404\/revisions"}],"wp:featuredmedia":[{"embeddable":true,"href":"https:\/\/sertsc.org.br\/site\/wp-json\/"}],"wp:attachment":[{"href":"https:\/\/sertsc.org.br\/site\/wp-json\/wp\/v2\/media?parent=2404"}],"wp:term":[{"taxonomy":"category","embeddable":true,"href":"https:\/\/sertsc.org.br\/site\/wp-json\/wp\/v2\/categories?post=2404"},{"taxonomy":"post_tag","embeddable":true,"href":"https:\/\/sertsc.org.br\/site\/wp-json\/wp\/v2\/tags?post=2404"}],"curies":[{"name":"wp","href":"https:\/\/api.w.org\/{rel}","templated":true}]}}