{"id":2364,"date":"2016-09-16T09:38:41","date_gmt":"2016-09-16T12:38:41","guid":{"rendered":"http:\/\/www.sertsc.org.br\/site\/?p=2364"},"modified":"2016-09-16T09:38:41","modified_gmt":"2016-09-16T12:38:41","slug":"anatel-divulga-consulta-publica-para-inclusao-e-exclusao-de-canais-am-e-fm","status":"publish","type":"post","link":"https:\/\/sertsc.org.br\/site\/anatel-divulga-consulta-publica-para-inclusao-e-exclusao-de-canais-am-e-fm\/","title":{"rendered":"Anatel divulga consulta p\u00fablica para inclus\u00e3o e exclus\u00e3o de canais AM e FM"},"content":{"rendered":"<p style=\"text-align: justify;\">Mais de cem canais em AM dever\u00e3o ser exclu\u00eddos<\/p>\n<p style=\"text-align: justify;\">A Superintend\u00eancia de Outorgas e Recursos \u00e0 Presta\u00e7\u00e3o da Ag\u00eancia Nacional de Telecomunica\u00e7\u00f5es (ANATEL) divulgou na ter\u00e7a-feira uma consulta p\u00fablica com centenas de altera\u00e7\u00f5es em canais de FM e AM. Estas frequ\u00eancias fazem parte dos 1781 canais vagos no Brasil que n\u00e3o foram colocados em licita\u00e7\u00e3o. O destaque fica para as exclus\u00f5es de canais n\u00e3o utilizados em Ondas M\u00e9dias que foram sugeridas pela ag\u00eancia.<\/p>\n<p style=\"text-align: justify;\">A proposta visa a altera\u00e7\u00e3o dos Planos B\u00e1sicos de Distribui\u00e7\u00e3o de Canais de Televis\u00e3o em VHF e UHF \u2013 PBTV, de Retransmiss\u00e3o de TV \u2013 PBRTV, de Televis\u00e3o Digital \u2013 PBTVD, de Radiodifus\u00e3o Sonora em Frequ\u00eancia Modulada \u2013 PBFM, de Radiodifus\u00e3o Sonora em Onda M\u00e9dia \u2013 PBOM e do Plano de Refer\u00eancia para Distribui\u00e7\u00e3o de Canais do Servi\u00e7o de Radiodifus\u00e3o Comunit\u00e1ria \u2013 PRRadCom. Foram indicadas diversas altera\u00e7\u00f5es de frequ\u00eancias e tamb\u00e9m mudan\u00e7as de localiza\u00e7\u00e3o dos parques de transmiss\u00e3o das r\u00e1dios.<\/p>\n<p style=\"text-align: justify;\">Entre as mudan\u00e7as apresentadas para a an\u00e1lise do p\u00fablico, est\u00e3o mais de cem canais em Ondas M\u00e9dias. Essas frequ\u00eancias n\u00e3o despertaram interesse e, com isso, n\u00e3o foram colocadas em licita\u00e7\u00e3o. Al\u00e9m disso, o avan\u00e7ar do processo de migra\u00e7\u00e3o das AMs tamb\u00e9m causou desinteresse nestes canais.<\/p>\n<p style=\"text-align: justify;\">Para participar das consultas, as contribui\u00e7\u00f5es e sugest\u00f5es fundamentadas e devidamente identificadas devem ser encaminhadas por meio do formul\u00e1rio eletr\u00f4nico do Sistema Interativo de Acompanhamento de Consulta P\u00fablica (SACP) <span style=\"color: #3366ff;\"><a style=\"color: #3366ff;\" href=\"http:\/\/sistemas.anatel.gov.br\/sacp\"><strong>http:\/\/sistemas.anatel.gov.br\/sacp<\/strong><\/a><\/span>, at\u00e9 \u00e0s 24 horas do dia 10 de outubro de 2016.<\/p>\n<p style=\"text-align: justify;\">Confira a lista de canais que est\u00e3o em consulta <span style=\"color: #3366ff;\"><strong><a style=\"color: #3366ff;\" href=\"http:\/\/sistemas.anatel.gov.br\/SACP\/Contribuicoes\/TextoConsulta.asp?CodProcesso=C1945&amp;Tipo=1&amp;Opcao=andamento\">clicando aqui<\/a><\/strong><\/span>.<\/p>\n<p style=\"text-align: justify;\">Fonte: Tudo.R\u00e1dio.com<\/p>\n","protected":false},"excerpt":{"rendered":"<p>Mais de cem canais em AM dever\u00e3o ser exclu\u00eddos A&hellip;<\/p>\n<p> <a class=\"more-link\" href=\"https:\/\/sertsc.org.br\/site\/anatel-divulga-consulta-publica-para-inclusao-e-exclusao-de-canais-am-e-fm\/\">Leia mais<\/a><\/p>\n","protected":false},"author":1,"featured_media":2365,"comment_status":"closed","ping_status":"open","sticky":false,"template":"","format":"standard","meta":{"footnotes":""},"categories":[33],"tags":[],"class_list":{"0":"post-2364","1":"post","2":"type-post","3":"status-publish","4":"format-standard","5":"has-post-thumbnail","7":"category-destaques"},"_links":{"self":[{"href":"https:\/\/sertsc.org.br\/site\/wp-json\/wp\/v2\/posts\/2364","targetHints":{"allow":["GET"]}}],"collection":[{"href":"https:\/\/sertsc.org.br\/site\/wp-json\/wp\/v2\/posts"}],"about":[{"href":"https:\/\/sertsc.org.br\/site\/wp-json\/wp\/v2\/types\/post"}],"author":[{"embeddable":true,"href":"https:\/\/sertsc.org.br\/site\/wp-json\/wp\/v2\/users\/1"}],"replies":[{"embeddable":true,"href":"https:\/\/sertsc.org.br\/site\/wp-json\/wp\/v2\/comments?post=2364"}],"version-history":[{"count":0,"href":"https:\/\/sertsc.org.br\/site\/wp-json\/wp\/v2\/posts\/2364\/revisions"}],"wp:featuredmedia":[{"embeddable":true,"href":"https:\/\/sertsc.org.br\/site\/wp-json\/"}],"wp:attachment":[{"href":"https:\/\/sertsc.org.br\/site\/wp-json\/wp\/v2\/media?parent=2364"}],"wp:term":[{"taxonomy":"category","embeddable":true,"href":"https:\/\/sertsc.org.br\/site\/wp-json\/wp\/v2\/categories?post=2364"},{"taxonomy":"post_tag","embeddable":true,"href":"https:\/\/sertsc.org.br\/site\/wp-json\/wp\/v2\/tags?post=2364"}],"curies":[{"name":"wp","href":"https:\/\/api.w.org\/{rel}","templated":true}]}}