{"id":20521,"date":"2026-04-29T16:32:05","date_gmt":"2026-04-29T19:32:05","guid":{"rendered":"https:\/\/sertsc.org.br\/site\/?p=20521"},"modified":"2026-04-29T16:32:05","modified_gmt":"2026-04-29T19:32:05","slug":"anatel-divulga-resultados-mais-recentes-do-indice-brasileiro-de-conectividade","status":"publish","type":"post","link":"https:\/\/sertsc.org.br\/site\/anatel-divulga-resultados-mais-recentes-do-indice-brasileiro-de-conectividade\/","title":{"rendered":"Anatel divulga resultados mais recentes do \u00cdndice Brasileiro de Conectividade"},"content":{"rendered":"<p>Calculada pela Ag\u00eancia Nacional de Telecomunica\u00e7\u00f5es (Anatel), a Edi\u00e7\u00e3o 2025 do \u00cdndice Brasileiro de Conectividade (IBC), divulgada nesta sexta-feira (24\/4), mostra, em uma escala de 0 a 100, um avan\u00e7o disseminado da conectividade no Pa\u00eds, a partir de um ranking de munic\u00edpios e Estados. Dos 5.570 munic\u00edpios analisados, 4.614 (82,8%) registraram melhora no IBC, enquanto 956 (17,2%) apresentaram recuo, evidenciando uma melhora geral da conectividade no Pa\u00eds.<\/p>\n<p>Para a elabora\u00e7\u00e3o do \u00edndice, a Anatel utiliza dados pr\u00f3prios e incorpora informa\u00e7\u00f5es do Indicador de Conectividade Rural (ICR), desenvolvido pela ConectarAgro em parceria com a Universidade Federal de Vi\u00e7osa (UFV). O \u00cdndice Brasileiro de Conectividade (IBC) consolida esses dados em um ranking de munic\u00edpios e Estados, que mede a abrang\u00eancia e o est\u00e1gio da infraestrutura de conectividade e do acesso aos servi\u00e7os de telecomunica\u00e7\u00f5es em cada territ\u00f3rio.<\/p>\n<p>A seguir, outros pontos de destaque da Edi\u00e7\u00e3o de 2025:<\/p>\n<p>Os 10 munic\u00edpios com maior IBC em 2025 s\u00e3o predominantemente destinos tur\u00edsticos litor\u00e2neos e de alto desenvolvimento urbano.<br \/>\nArma\u00e7\u00e3o dos B\u00fazios (RJ) lidera o ranking com 95,8 pontos, seguida de Bertioga (SP) com 94,6 e Xangri-l\u00e1 (RS) com 94,4. Completam o grupo Gramado (RS) (92,9), S\u00e3o Sebasti\u00e3o (SP) (91,2), Confins (MG) (90,9), Balne\u00e1rio Cambori\u00fa (SC) (90,6), Imb\u00e9 (RS) (90,3), Ubatuba (SP) (90,3) e Bombinhas (SC) (90,0).<br \/>\nA m\u00e9dia do IBC evoluiu de 52,4 em 2024 para 55,35 em 2025, um aumento de 2,95 pontos, indicando melhora geral da conectividade no Pa\u00eds.<br \/>\nA mediana passou de 52,88 em 2024 para 56,50 em 2025 (aumento de 3,62 pontos), refletindo ganho na base de munic\u00edpios.<br \/>\nO 1\u00ba quartil de munic\u00edpios (25% com menor IBC) evoluiu de 41,49 para 45,01, um aumento de 3,52 pontos, evidenciando crescimento da conectividade nas localidades mais fr\u00e1geis.<br \/>\nEntre os 20 munic\u00edpios que apresentaram maior evolu\u00e7\u00e3o, cinco est\u00e3o localizados no Estado de Minas Gerais e outros cinco no Rio Grande do Sul, al\u00e9m de dois em Pernambuco. O maior avan\u00e7o absoluto foi registrado por Arvorezinha (RS), com alta de 24,3 pontos. J\u00e1 Santa Filomena (PE) se destacou pelo crescimento proporcional, ao mais que dobrar sua pontua\u00e7\u00e3o, de 17,8 para 38,2.<br \/>\nO Rio Grande do Norte (RN) lidera a varia\u00e7\u00e3o m\u00e9dia estadual (+6,3 pontos), com 91,6% de seus munic\u00edpios apresentando melhora. O Cear\u00e1 (CE) registrou o maior percentual de munic\u00edpios com avan\u00e7o (96,2%). O Mato Grosso (MT) aparece em terceiro, evidenciando a expans\u00e3o da conectividade no Centro-Oeste.<br \/>\nOs resultados IBC, em n\u00edvel municipal e estadual, est\u00e3o publicados no Painel de Dados da Anatel. Detalhes t\u00e9cnicos adicionais podem ser encontrados no novo Relat\u00f3rio Metodol\u00f3gico.<\/p>\n<p><img fetchpriority=\"high\" decoding=\"async\" class=\"wp-image-20522 aligncenter\" src=\"https:\/\/sertsc.org.br\/site\/wp-content\/uploads\/2026\/04\/bd94945f-5389-43ff-956a-ec57f45d7274-300x300.jpeg\" alt=\"\" width=\"476\" height=\"476\" srcset=\"https:\/\/sertsc.org.br\/site\/wp-content\/uploads\/2026\/04\/bd94945f-5389-43ff-956a-ec57f45d7274-300x300.jpeg 300w, https:\/\/sertsc.org.br\/site\/wp-content\/uploads\/2026\/04\/bd94945f-5389-43ff-956a-ec57f45d7274-150x150.jpeg 150w, https:\/\/sertsc.org.br\/site\/wp-content\/uploads\/2026\/04\/bd94945f-5389-43ff-956a-ec57f45d7274.jpeg 591w\" sizes=\"(max-width: 476px) 100vw, 476px\" \/><\/p>\n<p>Fonte: Anatel.<\/p>\n","protected":false},"excerpt":{"rendered":"<p>Calculada pela Ag\u00eancia Nacional de Telecomunica\u00e7\u00f5es (Anatel), a Edi\u00e7\u00e3o 2025&hellip;<\/p>\n<p> <a class=\"more-link\" href=\"https:\/\/sertsc.org.br\/site\/anatel-divulga-resultados-mais-recentes-do-indice-brasileiro-de-conectividade\/\">Leia mais<\/a><\/p>\n","protected":false},"author":2,"featured_media":20522,"comment_status":"open","ping_status":"open","sticky":false,"template":"","format":"standard","meta":{"footnotes":""},"categories":[33,3],"tags":[],"class_list":{"0":"post-20521","1":"post","2":"type-post","3":"status-publish","4":"format-standard","5":"has-post-thumbnail","7":"category-destaques","8":"category-noticias"},"_links":{"self":[{"href":"https:\/\/sertsc.org.br\/site\/wp-json\/wp\/v2\/posts\/20521","targetHints":{"allow":["GET"]}}],"collection":[{"href":"https:\/\/sertsc.org.br\/site\/wp-json\/wp\/v2\/posts"}],"about":[{"href":"https:\/\/sertsc.org.br\/site\/wp-json\/wp\/v2\/types\/post"}],"author":[{"embeddable":true,"href":"https:\/\/sertsc.org.br\/site\/wp-json\/wp\/v2\/users\/2"}],"replies":[{"embeddable":true,"href":"https:\/\/sertsc.org.br\/site\/wp-json\/wp\/v2\/comments?post=20521"}],"version-history":[{"count":1,"href":"https:\/\/sertsc.org.br\/site\/wp-json\/wp\/v2\/posts\/20521\/revisions"}],"predecessor-version":[{"id":20523,"href":"https:\/\/sertsc.org.br\/site\/wp-json\/wp\/v2\/posts\/20521\/revisions\/20523"}],"wp:featuredmedia":[{"embeddable":true,"href":"https:\/\/sertsc.org.br\/site\/wp-json\/wp\/v2\/media\/20522"}],"wp:attachment":[{"href":"https:\/\/sertsc.org.br\/site\/wp-json\/wp\/v2\/media?parent=20521"}],"wp:term":[{"taxonomy":"category","embeddable":true,"href":"https:\/\/sertsc.org.br\/site\/wp-json\/wp\/v2\/categories?post=20521"},{"taxonomy":"post_tag","embeddable":true,"href":"https:\/\/sertsc.org.br\/site\/wp-json\/wp\/v2\/tags?post=20521"}],"curies":[{"name":"wp","href":"https:\/\/api.w.org\/{rel}","templated":true}]}}