{"id":20346,"date":"2025-11-03T16:44:29","date_gmt":"2025-11-03T19:44:29","guid":{"rendered":"https:\/\/sertsc.org.br\/site\/?p=20346"},"modified":"2025-11-03T16:44:29","modified_gmt":"2025-11-03T19:44:29","slug":"anatel-abre-consulta-publica-para-avaliar-alteracoes-tecnicas-em-canais-de-radiodifusao-em-diversas-regioes-do-pais","status":"publish","type":"post","link":"https:\/\/sertsc.org.br\/site\/anatel-abre-consulta-publica-para-avaliar-alteracoes-tecnicas-em-canais-de-radiodifusao-em-diversas-regioes-do-pais\/","title":{"rendered":"Anatel abre consulta p\u00fablica para avaliar altera\u00e7\u00f5es t\u00e9cnicas em canais de radiodifus\u00e3o em diversas regi\u00f5es do pa\u00eds"},"content":{"rendered":"<p>A Ag\u00eancia Nacional de Telecomunica\u00e7\u00f5es (Anatel) tornou p\u00fablica nesta semana mais uma Consulta P\u00fablica com o objetivo de verificar a viabilidade t\u00e9cnica de altera\u00e7\u00f5es e inclus\u00f5es de canais nos Planos B\u00e1sicos de Radiodifus\u00e3o. A iniciativa contempla canais j\u00e1 outorgados ou que ainda ser\u00e3o objeto de novas concess\u00f5es pelo Minist\u00e9rio das Comunica\u00e7\u00f5es. O objetivo da consulta \u00e9 verificar se as mudan\u00e7as propostas geram interfer\u00eancia em canais de outros prestadores de servi\u00e7o, os quais, se impactados, devem se manifestar at\u00e9 23h59 desta quinta-feira (30), por meio do Sistema Interativo Participa.<\/p>\n<p>Entre os destaques, est\u00e3o duas propostas envolvendo emissoras do Grupo Pampa de Comunica\u00e7\u00e3o no Rio Grande do Sul. A R\u00e1dio Liberdade FM de Porto Alegre solicitou a mudan\u00e7a da frequ\u00eancia estendida 82.5 FM para 101.9 FM, enquanto a 104 FM de S\u00e3o Francisco de Paula pediu o caminho inverso, migrando do 101.9 FM para o 82.5 FM. As altera\u00e7\u00f5es fazem parte de uma estrat\u00e9gia t\u00e9cnica e mercadol\u00f3gica do grupo ga\u00facho.<\/p>\n<p>No Mato Grosso do Sul, a rec\u00e9m-outorgada 96.7 FM de Campo Grande teve seus dados t\u00e9cnicos oficialmente inclu\u00eddos na consulta, avan\u00e7ando nas etapas regulat\u00f3rias de implanta\u00e7\u00e3o. No Esp\u00edrito Santo, a Cidade FM de Nova Ven\u00e9cia prop\u00f4s mudan\u00e7a de classe, saindo de A3 para E3.<\/p>\n<p>J\u00e1 no Tri\u00e2ngulo Mineiro, a Bons Ventos FM, que em breve adotar\u00e1 o nome Maravilha FM, solicitou a altera\u00e7\u00e3o de classe de A1 para E3, com a transfer\u00eancia de torre para Uberl\u00e2ndia (MG). Outra proposta mineira de destaque veio da Maravilha FM de S\u00e3o Roque de Minas, que requereu a migra\u00e7\u00e3o da classe B1 para E2, com o objetivo de ampliar significativamente sua pot\u00eancia e atingir a regi\u00e3o da Serra da Canastra.<\/p>\n<p>Na Para\u00edba, a R\u00e1dio Consola\u00e7\u00e3o do Vale de Mamanguape, localizada na Regi\u00e3o Metropolitana de Jo\u00e3o Pessoa, apresentou solicita\u00e7\u00e3o de mudan\u00e7a de frequ\u00eancia de 92.3 FM para 100.1 FM, al\u00e9m da migra\u00e7\u00e3o de classe de B1 para A4. No Paran\u00e1, a R\u00e1dio Amp\u00e9re, que j\u00e1 havia recebido autoriza\u00e7\u00e3o para operar em 93.3 FM, solicitou altera\u00e7\u00e3o para 105.7 FM. A mudan\u00e7a foi motivada por interfer\u00eancia com a Jovem Prata FM, que tamb\u00e9m atua na mesma frequ\u00eancia.<\/p>\n<p>As propostas submetidas \u00e0 Consulta P\u00fablica visam exclusivamente a an\u00e1lise t\u00e9cnica da viabilidade das altera\u00e7\u00f5es pretendidas pelas emissoras. As contribui\u00e7\u00f5es devem ser fundamentadas e devidamente identificadas no sistema eletr\u00f4nico da Anatel.<\/p>\n<p><img fetchpriority=\"high\" decoding=\"async\" class=\"wp-image-20347 aligncenter\" src=\"https:\/\/sertsc.org.br\/site\/wp-content\/uploads\/2025\/11\/site-300x200.png\" alt=\"\" width=\"539\" height=\"359\" srcset=\"https:\/\/sertsc.org.br\/site\/wp-content\/uploads\/2025\/11\/site-300x200.png 300w, https:\/\/sertsc.org.br\/site\/wp-content\/uploads\/2025\/11\/site-768x513.png 768w, https:\/\/sertsc.org.br\/site\/wp-content\/uploads\/2025\/11\/site.png 900w\" sizes=\"(max-width: 539px) 100vw, 539px\" \/><\/p>\n<p>Fonte, Tudo R\u00e1dio, Anatel e colabora\u00e7\u00e3o de Pedro Santana<\/p>\n","protected":false},"excerpt":{"rendered":"<p>A Ag\u00eancia Nacional de Telecomunica\u00e7\u00f5es (Anatel) tornou p\u00fablica nesta semana&hellip;<\/p>\n<p> <a class=\"more-link\" href=\"https:\/\/sertsc.org.br\/site\/anatel-abre-consulta-publica-para-avaliar-alteracoes-tecnicas-em-canais-de-radiodifusao-em-diversas-regioes-do-pais\/\">Leia mais<\/a><\/p>\n","protected":false},"author":2,"featured_media":20347,"comment_status":"open","ping_status":"open","sticky":false,"template":"","format":"standard","meta":{"footnotes":""},"categories":[33,3],"tags":[],"class_list":{"0":"post-20346","1":"post","2":"type-post","3":"status-publish","4":"format-standard","5":"has-post-thumbnail","7":"category-destaques","8":"category-noticias"},"_links":{"self":[{"href":"https:\/\/sertsc.org.br\/site\/wp-json\/wp\/v2\/posts\/20346","targetHints":{"allow":["GET"]}}],"collection":[{"href":"https:\/\/sertsc.org.br\/site\/wp-json\/wp\/v2\/posts"}],"about":[{"href":"https:\/\/sertsc.org.br\/site\/wp-json\/wp\/v2\/types\/post"}],"author":[{"embeddable":true,"href":"https:\/\/sertsc.org.br\/site\/wp-json\/wp\/v2\/users\/2"}],"replies":[{"embeddable":true,"href":"https:\/\/sertsc.org.br\/site\/wp-json\/wp\/v2\/comments?post=20346"}],"version-history":[{"count":1,"href":"https:\/\/sertsc.org.br\/site\/wp-json\/wp\/v2\/posts\/20346\/revisions"}],"predecessor-version":[{"id":20348,"href":"https:\/\/sertsc.org.br\/site\/wp-json\/wp\/v2\/posts\/20346\/revisions\/20348"}],"wp:featuredmedia":[{"embeddable":true,"href":"https:\/\/sertsc.org.br\/site\/wp-json\/wp\/v2\/media\/20347"}],"wp:attachment":[{"href":"https:\/\/sertsc.org.br\/site\/wp-json\/wp\/v2\/media?parent=20346"}],"wp:term":[{"taxonomy":"category","embeddable":true,"href":"https:\/\/sertsc.org.br\/site\/wp-json\/wp\/v2\/categories?post=20346"},{"taxonomy":"post_tag","embeddable":true,"href":"https:\/\/sertsc.org.br\/site\/wp-json\/wp\/v2\/tags?post=20346"}],"curies":[{"name":"wp","href":"https:\/\/api.w.org\/{rel}","templated":true}]}}