{"id":20326,"date":"2025-10-16T16:16:36","date_gmt":"2025-10-16T19:16:36","guid":{"rendered":"https:\/\/sertsc.org.br\/site\/?p=20326"},"modified":"2025-10-16T16:16:36","modified_gmt":"2025-10-16T19:16:36","slug":"debate-sobre-direito-autoral-e-inteligencia-artificial-tem-participacao-da-abert","status":"publish","type":"post","link":"https:\/\/sertsc.org.br\/site\/debate-sobre-direito-autoral-e-inteligencia-artificial-tem-participacao-da-abert\/","title":{"rendered":"Debate sobre direito autoral e intelig\u00eancia artificial tem participa\u00e7\u00e3o da ABERT"},"content":{"rendered":"<p>Artistas, advogados e representantes do setor de comunica\u00e7\u00e3o e artes participaram, no Rio de Janeiro (RJ), na quarta-feira (15), do semin\u00e1rio \u201cDireito autoral e o desafio da Intelig\u00eancia Artificial\u201d, organizado pela Associa\u00e7\u00e3o Brasileira de M\u00fasica e Artes (Abramus), com o apoio da ABERT.<\/p>\n<p>Durante a abertura, o vice-presidente institucional da ABERT, Fl\u00e1vio Lara Resende, destacou o desafio de equilibrar inova\u00e7\u00e3o e prote\u00e7\u00e3o autoral. Ele lembrou que modelos de IA s\u00e3o treinados com conte\u00fados protegidos por direito autoral, sem autoriza\u00e7\u00e3o ou remunera\u00e7\u00e3o. Para Lara Resende, a regula\u00e7\u00e3o deve ser baseada em transpar\u00eancia, consentimento, remunera\u00e7\u00e3o justa e responsabilidade.<\/p>\n<p>\u201cSem a prote\u00e7\u00e3o dos criadores, a intelig\u00eancia artificial se torna apenas um grande espelho daquilo que j\u00e1 existe \u2014 sem alma, sem identidade, sem cultura\u201d, afirmou.<\/p>\n<p>J\u00e1 o painel \u201cRegula\u00e7\u00e3o da Intelig\u00eancia Artificial: Entre a Inova\u00e7\u00e3o e a Prote\u00e7\u00e3o dos Autores\u201d teve a participa\u00e7\u00e3o do diretor de Assuntos Legais e Regulat\u00f3rios da ABERT, Rodolfo Salema. O debate reuniu Cau\u00ea Fanha, da Secretaria Nacional de Direitos Autorais e Intelectuais, e o m\u00fasico Roberto Frejat. Salema destacou que regular as plataformas digitais e a IA n\u00e3o significa sufocar a inova\u00e7\u00e3o, mas sim reduzir o surgimento de abusos e a sobreposi\u00e7\u00e3o de direitos j\u00e1 existentes.<\/p>\n<p>\u201cN\u00e3o se trata de criminalizar a intelig\u00eancia artificial, j\u00e1 que a IA \u00e9 uma parceira do processo criativo das emissoras. Mas a IA \u00e9 uma tecnologia que deve servir \u00e0 cultura, e n\u00e3o o contr\u00e1rio. O desrespeito aos direitos autorais tem impacto na sustentabilidade do jornalismo profissional e da ind\u00fastria criativa\u201d, afirmou.<\/p>\n<p><img fetchpriority=\"high\" decoding=\"async\" class=\"wp-image-20112 aligncenter\" src=\"https:\/\/sertsc.org.br\/site\/wp-content\/uploads\/2025\/04\/site-300x200.png\" alt=\"\" width=\"474\" height=\"316\" srcset=\"https:\/\/sertsc.org.br\/site\/wp-content\/uploads\/2025\/04\/site-300x200.png 300w, https:\/\/sertsc.org.br\/site\/wp-content\/uploads\/2025\/04\/site-768x513.png 768w, https:\/\/sertsc.org.br\/site\/wp-content\/uploads\/2025\/04\/site.png 900w\" sizes=\"(max-width: 474px) 100vw, 474px\" \/><\/p>\n<p>Fonte: ABERT e ACAERT<\/p>\n","protected":false},"excerpt":{"rendered":"<p>Artistas, advogados e representantes do setor de comunica\u00e7\u00e3o e artes&hellip;<\/p>\n<p> <a class=\"more-link\" href=\"https:\/\/sertsc.org.br\/site\/debate-sobre-direito-autoral-e-inteligencia-artificial-tem-participacao-da-abert\/\">Leia mais<\/a><\/p>\n","protected":false},"author":2,"featured_media":20112,"comment_status":"open","ping_status":"open","sticky":false,"template":"","format":"standard","meta":{"footnotes":""},"categories":[33,3],"tags":[],"class_list":{"0":"post-20326","1":"post","2":"type-post","3":"status-publish","4":"format-standard","5":"has-post-thumbnail","7":"category-destaques","8":"category-noticias"},"_links":{"self":[{"href":"https:\/\/sertsc.org.br\/site\/wp-json\/wp\/v2\/posts\/20326","targetHints":{"allow":["GET"]}}],"collection":[{"href":"https:\/\/sertsc.org.br\/site\/wp-json\/wp\/v2\/posts"}],"about":[{"href":"https:\/\/sertsc.org.br\/site\/wp-json\/wp\/v2\/types\/post"}],"author":[{"embeddable":true,"href":"https:\/\/sertsc.org.br\/site\/wp-json\/wp\/v2\/users\/2"}],"replies":[{"embeddable":true,"href":"https:\/\/sertsc.org.br\/site\/wp-json\/wp\/v2\/comments?post=20326"}],"version-history":[{"count":1,"href":"https:\/\/sertsc.org.br\/site\/wp-json\/wp\/v2\/posts\/20326\/revisions"}],"predecessor-version":[{"id":20327,"href":"https:\/\/sertsc.org.br\/site\/wp-json\/wp\/v2\/posts\/20326\/revisions\/20327"}],"wp:featuredmedia":[{"embeddable":true,"href":"https:\/\/sertsc.org.br\/site\/wp-json\/wp\/v2\/media\/20112"}],"wp:attachment":[{"href":"https:\/\/sertsc.org.br\/site\/wp-json\/wp\/v2\/media?parent=20326"}],"wp:term":[{"taxonomy":"category","embeddable":true,"href":"https:\/\/sertsc.org.br\/site\/wp-json\/wp\/v2\/categories?post=20326"},{"taxonomy":"post_tag","embeddable":true,"href":"https:\/\/sertsc.org.br\/site\/wp-json\/wp\/v2\/tags?post=20326"}],"curies":[{"name":"wp","href":"https:\/\/api.w.org\/{rel}","templated":true}]}}