{"id":20176,"date":"2025-06-13T16:47:49","date_gmt":"2025-06-13T19:47:49","guid":{"rendered":"https:\/\/sertsc.org.br\/site\/?p=20176"},"modified":"2025-06-13T16:47:49","modified_gmt":"2025-06-13T19:47:49","slug":"nab-show-new-york-2025-divulga-detalhes-de-programacao-voltada-ao-radio-tv-e-novas-midias","status":"publish","type":"post","link":"https:\/\/sertsc.org.br\/site\/nab-show-new-york-2025-divulga-detalhes-de-programacao-voltada-ao-radio-tv-e-novas-midias\/","title":{"rendered":"NAB Show New York 2025 divulga detalhes de programa\u00e7\u00e3o voltada ao r\u00e1dio, TV e novas m\u00eddias"},"content":{"rendered":"<p>A organiza\u00e7\u00e3o do NAB Show New York divulgou os primeiros detalhes da edi\u00e7\u00e3o 2025 do evento, que ocorrer\u00e1 nos dias 22 e 23 de outubro, no Javits Center, em Nova York. A programa\u00e7\u00e3o desta edi\u00e7\u00e3o trar\u00e1 uma s\u00e9rie de novidades com foco no r\u00e1dio, na televis\u00e3o, no mercado de produ\u00e7\u00e3o e nas novas m\u00eddias, incluindo demonstra\u00e7\u00f5es pr\u00e1ticas, pain\u00e9is com especialistas, e a realiza\u00e7\u00e3o de uma Feira de Carreiras organizada pela NAB Leadership Foundation. A abertura oficial contar\u00e1 com a entrega do tradicional NAB Marconi Radio Awards, no dia 21 de outubro, e o evento ainda antecipa as mudan\u00e7as previstas para o NAB Show Las Vegas a partir de 2026, que passar\u00e1 a contar com um espa\u00e7o f\u00edsico exclusivo para os setores de r\u00e1dio e televis\u00e3o dentro do Las Vegas Convention Center.<\/p>\n<p>A abertura oficial do evento em Nova York ser\u00e1 marcada pela realiza\u00e7\u00e3o do NAB Marconi Radio Awards, que ocorrer\u00e1 na noite de 21 de outubro, no Edison Ballroom. A tradicional premia\u00e7\u00e3o do r\u00e1dio norte-americano ocorrer\u00e1 novamente de forma independente, na v\u00e9spera do in\u00edcio da programa\u00e7\u00e3o principal da confer\u00eancia.<\/p>\n<p>No dia 22 de outubro, o evento promove o Broadcast Day, com conte\u00fados voltados especificamente aos profissionais de r\u00e1dio e televis\u00e3o. Entre os destaques, est\u00e1 a estreia do Future of Journalism Symposium, que debater\u00e1 tend\u00eancias como automa\u00e7\u00e3o, intelig\u00eancia artificial, modelos h\u00edbridos de financiamento e a ascens\u00e3o de ve\u00edculos jornal\u00edsticos de nicho. Tamb\u00e9m est\u00e1 prevista a realiza\u00e7\u00e3o do Sports Track, reunindo representantes de emissoras, ligas esportivas, influenciadores e profissionais de tecnologia para discutir o futuro da produ\u00e7\u00e3o e distribui\u00e7\u00e3o de eventos esportivos ao vivo.<\/p>\n<p>J\u00e1 no dia 23 de outubro, o foco estar\u00e1 direcionado aos criadores de conte\u00fado e ao universo das novas m\u00eddias. O dia come\u00e7ar\u00e1 com um fireside chat com Alessandra Catanese, CEO do coletivo digital de com\u00e9dia Smosh, que compartilhar\u00e1 estrat\u00e9gias de monetiza\u00e7\u00e3o e fortalecimento de comunidades de f\u00e3s por meio de conte\u00fados exclusivos, engajamento direto e streaming. Est\u00e3o previstas ainda trilhas tem\u00e1ticas como o Radio + Podcast Interactive Forum, Local TV Strategies e o Post\/Production World New York, promovido em parceria com a Future Media Conferences.<\/p>\n<p>Como antecipado pela NAB, o setor de r\u00e1dio e televis\u00e3o ganhar\u00e1 um espa\u00e7o de destaque a partir de 2026 durante o NAB Show em Las Vegas. O evento contar\u00e1 com o TV &amp; Radio Headquarters, uma \u00e1rea exclusiva no renovado Central Hall do Las Vegas Convention Center, reunindo cerca de 100 expositores desses segmentos e retomando o tradicional conceito de \u201cradio hall\u201d. O objetivo, segundo Eric Trabb, vice-presidente s\u00eanior da NAB, \u00e9 oferecer uma \u201ccasa dedicada para os setores de r\u00e1dio e TV, fortalecendo o ambiente de neg\u00f3cios e integra\u00e7\u00e3o a cada edi\u00e7\u00e3o\u201d.<\/p>\n<p><img fetchpriority=\"high\" decoding=\"async\" class=\"wp-image-20177 aligncenter\" src=\"https:\/\/sertsc.org.br\/site\/wp-content\/uploads\/2025\/06\/684c51377d7e6-300x150.png\" alt=\"\" width=\"494\" height=\"247\" srcset=\"https:\/\/sertsc.org.br\/site\/wp-content\/uploads\/2025\/06\/684c51377d7e6-300x150.png 300w, https:\/\/sertsc.org.br\/site\/wp-content\/uploads\/2025\/06\/684c51377d7e6.png 500w\" sizes=\"(max-width: 494px) 100vw, 494px\" \/><br \/>\nFonte: Tudo R\u00e1dio e Imagem da Nab Show.<\/p>\n","protected":false},"excerpt":{"rendered":"<p>A organiza\u00e7\u00e3o do NAB Show New York divulgou os primeiros&hellip;<\/p>\n<p> <a class=\"more-link\" href=\"https:\/\/sertsc.org.br\/site\/nab-show-new-york-2025-divulga-detalhes-de-programacao-voltada-ao-radio-tv-e-novas-midias\/\">Leia mais<\/a><\/p>\n","protected":false},"author":2,"featured_media":20177,"comment_status":"open","ping_status":"open","sticky":false,"template":"","format":"standard","meta":{"footnotes":""},"categories":[33,3],"tags":[],"class_list":{"0":"post-20176","1":"post","2":"type-post","3":"status-publish","4":"format-standard","5":"has-post-thumbnail","7":"category-destaques","8":"category-noticias"},"_links":{"self":[{"href":"https:\/\/sertsc.org.br\/site\/wp-json\/wp\/v2\/posts\/20176","targetHints":{"allow":["GET"]}}],"collection":[{"href":"https:\/\/sertsc.org.br\/site\/wp-json\/wp\/v2\/posts"}],"about":[{"href":"https:\/\/sertsc.org.br\/site\/wp-json\/wp\/v2\/types\/post"}],"author":[{"embeddable":true,"href":"https:\/\/sertsc.org.br\/site\/wp-json\/wp\/v2\/users\/2"}],"replies":[{"embeddable":true,"href":"https:\/\/sertsc.org.br\/site\/wp-json\/wp\/v2\/comments?post=20176"}],"version-history":[{"count":1,"href":"https:\/\/sertsc.org.br\/site\/wp-json\/wp\/v2\/posts\/20176\/revisions"}],"predecessor-version":[{"id":20178,"href":"https:\/\/sertsc.org.br\/site\/wp-json\/wp\/v2\/posts\/20176\/revisions\/20178"}],"wp:featuredmedia":[{"embeddable":true,"href":"https:\/\/sertsc.org.br\/site\/wp-json\/wp\/v2\/media\/20177"}],"wp:attachment":[{"href":"https:\/\/sertsc.org.br\/site\/wp-json\/wp\/v2\/media?parent=20176"}],"wp:term":[{"taxonomy":"category","embeddable":true,"href":"https:\/\/sertsc.org.br\/site\/wp-json\/wp\/v2\/categories?post=20176"},{"taxonomy":"post_tag","embeddable":true,"href":"https:\/\/sertsc.org.br\/site\/wp-json\/wp\/v2\/tags?post=20176"}],"curies":[{"name":"wp","href":"https:\/\/api.w.org\/{rel}","templated":true}]}}