{"id":20132,"date":"2025-04-28T14:50:40","date_gmt":"2025-04-28T17:50:40","guid":{"rendered":"https:\/\/sertsc.org.br\/site\/?p=20132"},"modified":"2025-04-28T14:50:40","modified_gmt":"2025-04-28T17:50:40","slug":"set-realiza-pos-nab-show-2025-com-debates-sobre-inovacoes-e-futuro-do-audiovisual","status":"publish","type":"post","link":"https:\/\/sertsc.org.br\/site\/set-realiza-pos-nab-show-2025-com-debates-sobre-inovacoes-e-futuro-do-audiovisual\/","title":{"rendered":"SET realiza P\u00f3s-NAB Show 2025 com debates sobre inova\u00e7\u00f5es e futuro do audiovisual"},"content":{"rendered":"<p>A Sociedade Brasileira de Engenharia de Televis\u00e3o (SET) anunciou a realiza\u00e7\u00e3o do evento P\u00f3s-NAB Show 2025, marcado para o pr\u00f3ximo dia 7 de maio, em S\u00e3o Paulo. O encontro ocorrer\u00e1 no restaurante Le SampaH, localizado no Distrito Anhembi, e reunir\u00e1 especialistas e executivos do setor para debater as principais tend\u00eancias e inova\u00e7\u00f5es apresentadas durante a NAB Show 2025, realizada recentemente nos Estados Unidos.<\/p>\n<p>A programa\u00e7\u00e3o do evento ter\u00e1 in\u00edcio \u00e0s 14h, com caf\u00e9 e credenciamento, seguido da abertura oficial conduzida por Paulo Henrique Castro, presidente da SET, e Carlos Octavio de Alexandre Queiroz, vice-presidente da entidade. Ao longo da tarde, ser\u00e3o realizados tr\u00eas pain\u00e9is tem\u00e1ticos com a participa\u00e7\u00e3o de nomes de destaque do mercado audiovisual brasileiro.<\/p>\n<p>O primeiro painel, intitulado &#8220;Panorama P\u00f3s-NAB 2025: Inova\u00e7\u00f5es e Dire\u00e7\u00f5es para o Futuro do Audiovisual&#8221;, ocorrer\u00e1 \u00e0s 15h, sob a media\u00e7\u00e3o de Roberto Dias Lima Franco (conselheiro da SET). Entre os debatedores confirmados est\u00e3o Alfonso Aurin (SBT), Thiago Perrella (R\u00e1dio Televis\u00e3o Bandeirantes), Jos\u00e9 Marcelo Amaral (RecordTV) e Rodrigo Martinez (Rede CNT).<\/p>\n<p>\u00c0s 16h30, ser\u00e1 realizado o painel &#8220;Novas Fronteiras na Monetiza\u00e7\u00e3o do Conte\u00fado Audiovisual&#8221;, que abordar\u00e1 as mudan\u00e7as na forma de distribui\u00e7\u00e3o e monetiza\u00e7\u00e3o de conte\u00fados, impulsionadas pelas novas tecnologias digitais. A modera\u00e7\u00e3o ficar\u00e1 a cargo de Carlos Octavio de Alexandre Queiroz (SET), com participa\u00e7\u00f5es de Julieta Nogueira (Reuters), Emerson Luiz (YOUCAST!), Cristiano Barbieri (Broadpeak) e Gustavo Dutra (AWS).<\/p>\n<p>Encerrando a programa\u00e7\u00e3o, \u00e0s 17h45, ser\u00e1 promovido o painel &#8220;Broadcast 360: Neg\u00f3cios e Tecnologias para a Nova Era da DTV+&#8221;, com foco nas perspectivas da TV 3.0 e infraestrutura compartilhada no Brasil. A discuss\u00e3o ser\u00e1 mediada por Paulo Henrique Castro e contar\u00e1 com Alberto Santana (CIS Group), Rubens Vituli (SES) e Amaury Pereira da Silva Filho (EiTV).<\/p>\n<p>As inscri\u00e7\u00f5es para o P\u00f3s-NAB Show 2025 j\u00e1 est\u00e3o abertas e a programa\u00e7\u00e3o ainda pode sofrer altera\u00e7\u00f5es.<\/p>\n<p style=\"text-align: center;\"><img fetchpriority=\"high\" decoding=\"async\" class=\"size-medium wp-image-20133 aligncenter\" src=\"https:\/\/sertsc.org.br\/site\/wp-content\/uploads\/2025\/04\/680f6af13c65f-300x294.jpg\" alt=\"\" width=\"300\" height=\"294\" srcset=\"https:\/\/sertsc.org.br\/site\/wp-content\/uploads\/2025\/04\/680f6af13c65f-300x294.jpg 300w, https:\/\/sertsc.org.br\/site\/wp-content\/uploads\/2025\/04\/680f6af13c65f.jpg 381w\" sizes=\"(max-width: 300px) 100vw, 300px\" \/><\/p>\n<p style=\"text-align: center;\">Imagem Tudo R\u00e1dio.<\/p>\n<p style=\"text-align: left;\">Fonte: Tudo R\u00e1dio.<\/p>\n","protected":false},"excerpt":{"rendered":"<p>A Sociedade Brasileira de Engenharia de Televis\u00e3o (SET) anunciou a&hellip;<\/p>\n<p> <a class=\"more-link\" href=\"https:\/\/sertsc.org.br\/site\/set-realiza-pos-nab-show-2025-com-debates-sobre-inovacoes-e-futuro-do-audiovisual\/\">Leia mais<\/a><\/p>\n","protected":false},"author":2,"featured_media":20133,"comment_status":"open","ping_status":"open","sticky":false,"template":"","format":"standard","meta":{"footnotes":""},"categories":[33,3],"tags":[],"class_list":{"0":"post-20132","1":"post","2":"type-post","3":"status-publish","4":"format-standard","5":"has-post-thumbnail","7":"category-destaques","8":"category-noticias"},"_links":{"self":[{"href":"https:\/\/sertsc.org.br\/site\/wp-json\/wp\/v2\/posts\/20132","targetHints":{"allow":["GET"]}}],"collection":[{"href":"https:\/\/sertsc.org.br\/site\/wp-json\/wp\/v2\/posts"}],"about":[{"href":"https:\/\/sertsc.org.br\/site\/wp-json\/wp\/v2\/types\/post"}],"author":[{"embeddable":true,"href":"https:\/\/sertsc.org.br\/site\/wp-json\/wp\/v2\/users\/2"}],"replies":[{"embeddable":true,"href":"https:\/\/sertsc.org.br\/site\/wp-json\/wp\/v2\/comments?post=20132"}],"version-history":[{"count":1,"href":"https:\/\/sertsc.org.br\/site\/wp-json\/wp\/v2\/posts\/20132\/revisions"}],"predecessor-version":[{"id":20134,"href":"https:\/\/sertsc.org.br\/site\/wp-json\/wp\/v2\/posts\/20132\/revisions\/20134"}],"wp:featuredmedia":[{"embeddable":true,"href":"https:\/\/sertsc.org.br\/site\/wp-json\/wp\/v2\/media\/20133"}],"wp:attachment":[{"href":"https:\/\/sertsc.org.br\/site\/wp-json\/wp\/v2\/media?parent=20132"}],"wp:term":[{"taxonomy":"category","embeddable":true,"href":"https:\/\/sertsc.org.br\/site\/wp-json\/wp\/v2\/categories?post=20132"},{"taxonomy":"post_tag","embeddable":true,"href":"https:\/\/sertsc.org.br\/site\/wp-json\/wp\/v2\/tags?post=20132"}],"curies":[{"name":"wp","href":"https:\/\/api.w.org\/{rel}","templated":true}]}}