{"id":20001,"date":"2025-02-05T15:46:00","date_gmt":"2025-02-05T18:46:00","guid":{"rendered":"https:\/\/sertsc.org.br\/site\/?p=20001"},"modified":"2025-02-05T15:46:48","modified_gmt":"2025-02-05T18:46:48","slug":"edital-de-convocacao-para-age","status":"publish","type":"post","link":"https:\/\/sertsc.org.br\/site\/edital-de-convocacao-para-age\/","title":{"rendered":"EDITAL DE CONVOCA\u00c7\u00c3O PARA AGE"},"content":{"rendered":"<p>O Presidente do Sindicato das Empresas de R\u00e1dio e Televis\u00e3o do Estado de Santa Catarina \u2013 SERT\/SC, entidade sindical patronal, inscrita no CNPJ\/MF 75.304.725\/0001-72, no uso das atribui\u00e7\u00f5es regimentais contidas no Estatuto Social da entidade, CONVOCA toda a categoria econ\u00f4mica para comparecer\/participar da ASSEMBLEIA GERAL EXTRAORDIN\u00c1RIA, a realizar-se por meio digital, via ferramenta eletr\u00f4nica do Google Meet, e presencialmente, na sede do SERT\/SC na Rua Saldanha Marinho, n\u00b0 374, 6\u00b0 andar, sala 603, centro, Florian\u00f3polis, no dia 12 de mar\u00e7o de 2025 (quarta-feira), sendo que o link ser\u00e1 encaminhado pelo endere\u00e7o eletr\u00f4nico e pelo WhatsApp dos Radiodifusores, \u00e0s 8h, no dia do evento), ocorrendo a 1\u00aa CONVOCA\u00c7\u00c3O \u00e0s 8h30 com a presen\u00e7a de no m\u00ednimo tr\u00eas quarto (3\/4) das filiadas, e em 2\u00aa CONVOCA\u00c7\u00c3O, \u00e0s 9h00 com qualquer n\u00famero de filiadas para deliberarem pela maioria absoluta de votos das empresas presentes na Assembleia, sobre as seguintes pautas:<\/p>\n<p>ORDEM DO DIA:<\/p>\n<p>1) Delibera\u00e7\u00e3o sobre as pautas de reivindica\u00e7\u00f5es do exerc\u00edcio de 2025 da categoria dos radialista dos Estado de Santa Catarina representados pelo Sindicato dos Radialistas Profissionais e dos Trabalhadores em Empresas de Radiodifus\u00e3o e Televis\u00e3o do Estado de Santa Catarina, e pelo Sindicato dos Radialistas Profissionais e Empregados em Empresas de Radiodifus\u00e3o e Televis\u00e3o da Regi\u00e3o Norte\/Nordeste do Estado de Santa Catarina.<\/p>\n<p>2) Forma\u00e7\u00e3o da Comiss\u00e3o de Negocia\u00e7\u00e3o;<\/p>\n<p>3) Delibera\u00e7\u00e3o quanto a perman\u00eancia da AGE aberta at\u00e9 a conclus\u00e3o da negocia\u00e7\u00e3o ou instru\u00e7\u00e3o do Diss\u00eddio Coletivo.<\/p>\n<p><img fetchpriority=\"high\" decoding=\"async\" class=\"wp-image-20002 aligncenter\" src=\"https:\/\/sertsc.org.br\/site\/wp-content\/uploads\/2025\/02\/whatsapp-image-2025-02-05-at-31745-pm-300x200.jpeg\" alt=\"\" width=\"494\" height=\"329\" srcset=\"https:\/\/sertsc.org.br\/site\/wp-content\/uploads\/2025\/02\/whatsapp-image-2025-02-05-at-31745-pm-300x200.jpeg 300w, https:\/\/sertsc.org.br\/site\/wp-content\/uploads\/2025\/02\/whatsapp-image-2025-02-05-at-31745-pm-768x513.jpeg 768w, https:\/\/sertsc.org.br\/site\/wp-content\/uploads\/2025\/02\/whatsapp-image-2025-02-05-at-31745-pm.jpeg 900w\" sizes=\"(max-width: 494px) 100vw, 494px\" \/><\/p>\n<p style=\"text-align: center;\">Evel\u00e1sio Vieira Neto<br \/>\nPresidente do SERT\/SC<\/p>\n","protected":false},"excerpt":{"rendered":"<p>O Presidente do Sindicato das Empresas de R\u00e1dio e Televis\u00e3o&hellip;<\/p>\n<p> <a class=\"more-link\" href=\"https:\/\/sertsc.org.br\/site\/edital-de-convocacao-para-age\/\">Leia mais<\/a><\/p>\n","protected":false},"author":2,"featured_media":20002,"comment_status":"open","ping_status":"open","sticky":false,"template":"","format":"standard","meta":{"footnotes":""},"categories":[36,33,35,3],"tags":[],"class_list":{"0":"post-20001","1":"post","2":"type-post","3":"status-publish","4":"format-standard","5":"has-post-thumbnail","7":"category-artigos","8":"category-destaques","9":"category-entrevistas","10":"category-noticias"},"_links":{"self":[{"href":"https:\/\/sertsc.org.br\/site\/wp-json\/wp\/v2\/posts\/20001","targetHints":{"allow":["GET"]}}],"collection":[{"href":"https:\/\/sertsc.org.br\/site\/wp-json\/wp\/v2\/posts"}],"about":[{"href":"https:\/\/sertsc.org.br\/site\/wp-json\/wp\/v2\/types\/post"}],"author":[{"embeddable":true,"href":"https:\/\/sertsc.org.br\/site\/wp-json\/wp\/v2\/users\/2"}],"replies":[{"embeddable":true,"href":"https:\/\/sertsc.org.br\/site\/wp-json\/wp\/v2\/comments?post=20001"}],"version-history":[{"count":2,"href":"https:\/\/sertsc.org.br\/site\/wp-json\/wp\/v2\/posts\/20001\/revisions"}],"predecessor-version":[{"id":20004,"href":"https:\/\/sertsc.org.br\/site\/wp-json\/wp\/v2\/posts\/20001\/revisions\/20004"}],"wp:featuredmedia":[{"embeddable":true,"href":"https:\/\/sertsc.org.br\/site\/wp-json\/wp\/v2\/media\/20002"}],"wp:attachment":[{"href":"https:\/\/sertsc.org.br\/site\/wp-json\/wp\/v2\/media?parent=20001"}],"wp:term":[{"taxonomy":"category","embeddable":true,"href":"https:\/\/sertsc.org.br\/site\/wp-json\/wp\/v2\/categories?post=20001"},{"taxonomy":"post_tag","embeddable":true,"href":"https:\/\/sertsc.org.br\/site\/wp-json\/wp\/v2\/tags?post=20001"}],"curies":[{"name":"wp","href":"https:\/\/api.w.org\/{rel}","templated":true}]}}