{"id":19996,"date":"2025-02-04T11:20:39","date_gmt":"2025-02-04T14:20:39","guid":{"rendered":"https:\/\/sertsc.org.br\/site\/?p=19996"},"modified":"2025-02-04T11:20:39","modified_gmt":"2025-02-04T14:20:39","slug":"em-artigo-na-folha-de-s-paulo-juscelino-filho-defende-debate-sobre-regulacao-contra-desinformacao-nas-redes-sociais","status":"publish","type":"post","link":"https:\/\/sertsc.org.br\/site\/em-artigo-na-folha-de-s-paulo-juscelino-filho-defende-debate-sobre-regulacao-contra-desinformacao-nas-redes-sociais\/","title":{"rendered":"Em artigo na Folha de S.Paulo, Juscelino Filho defende debate sobre regula\u00e7\u00e3o contra desinforma\u00e7\u00e3o nas redes sociais"},"content":{"rendered":"<p>O ministro das Comunica\u00e7\u00f5es, Juscelino Filho, defendeu em artigo publicado nesta segunda-feira (27), na Folha de S.Paulo, que o Brasil e o mundo precisam debater a regula\u00e7\u00e3o das redes sociais para garantir a seguran\u00e7a no ambiente digital e conter a propaga\u00e7\u00e3o de not\u00edcias falsas.<\/p>\n<p>O papel do Brasil contra a desinforma\u00e7\u00e3o nas redes sociais<\/p>\n<p>As declara\u00e7\u00f5es de Mark Zuckerberg acerca das mudan\u00e7as nas pol\u00edticas de checagem de fatos e modera\u00e7\u00e3o de conte\u00fado da Meta t\u00eam gerado discuss\u00f5es em escala global sobre a responsabilidade das plataformas digitais. As medidas anunciadas pela empresa v\u00e3o contra esfor\u00e7os mundiais para conter a propaga\u00e7\u00e3o de not\u00edcias falsas, discursos de \u00f3dio e interfer\u00eancias em sistemas democr\u00e1ticos.<\/p>\n<p>A atitude da Meta em alterar as pr\u00e1ticas de modera\u00e7\u00e3o em suas redes sociais necessita de uma resposta global unificada para garantir a seguran\u00e7a do ambiente digital e a integridade das institui\u00e7\u00f5es p\u00fablicas. O Brasil, um dos principais mercados digitais, tem um papel relevante nessa discuss\u00e3o.<\/p>\n<p>O nosso pa\u00eds j\u00e1 demonstrou capacidade de progredir em pol\u00edticas de regula\u00e7\u00e3o. O Decreto n.\u00ba 7.962\/2013, que trata do com\u00e9rcio eletr\u00f4nico, proporcionou mais transpar\u00eancia e seguran\u00e7a aos consumidores on-line. Outra conquista importante foi o Marco Civil da Internet, de 2014.<\/p>\n<p>Agora, \u00e9 necess\u00e1rio atualizar as responsabilidades das big techs em rela\u00e7\u00e3o ao conte\u00fado compartilhado nas redes sociais. N\u00e3o se trata de uma disputa contra as plataformas digitais, mas de uma constru\u00e7\u00e3o a fim de coibir excessos e fomentar intera\u00e7\u00f5es virtuais \u00e9ticas.<\/p>\n<p>Essa pauta n\u00e3o \u00e9 somente deste governo, mas de toda a sociedade. Diversas regi\u00f5es do mundo est\u00e3o evoluindo em medidas que protejam os direitos das pessoas sem prejudicar a evolu\u00e7\u00e3o tecnol\u00f3gica, como a Uni\u00e3o Europeia, que introduziu o Digital Services Act (DSA), com regras mais estritas.<\/p>\n<p>O governo federal atua com o STF e o Minist\u00e9rio P\u00fablico a fim de garantir que as empresas cumpram as leis existentes, respeitando a soberania nacional e os direitos individuais. O Minist\u00e9rio das Comunica\u00e7\u00f5es mant\u00e9m di\u00e1logo com a sociedade civil e os meios de comunica\u00e7\u00e3o, pois reconhece que estabelecer normas justas e eficientes requer considerar diferentes perspectivas.<\/p>\n<p>Plataformas digitais sem regula\u00e7\u00e3o adequada representam um perigo \u00e0 sociedade. Quando n\u00e3o h\u00e1 mecanismos transparentes para responsabiliza\u00e7\u00e3o nas redes sociais, elas se tornam espa\u00e7os favor\u00e1veis \u00e0 propaga\u00e7\u00e3o de conte\u00fados nocivos \u00e0s pessoas. Isso diminui a confian\u00e7a nas estruturas institucionais e impacta diretamente no desenvolvimento dos processos democr\u00e1ticos.<\/p>\n<p>A desinforma\u00e7\u00e3o tem efeitos prejudiciais em setores importantes, como a sa\u00fade p\u00fablica. Na crise da COVID-19, not\u00edcias falsas contribu\u00edram para atrasar respostas de autoridades de sa\u00fade e colocaram milh\u00f5es de vidas em perigo. A falta de regula\u00e7\u00e3o adequada tamb\u00e9m aumenta casos de crimes cibern\u00e9ticos, como fraudes financeiras, assim como exp\u00f5e crian\u00e7as e adolescentes a riscos emocionais e sociais.<\/p>\n<p>A evolu\u00e7\u00e3o tecnol\u00f3gica traz transforma\u00e7\u00f5es importantes, mas tamb\u00e9m s\u00e9rios desafios. Regular as plataformas n\u00e3o \u00e9 sin\u00f4nimo de restringir a liberdade de express\u00e3o; ao contr\u00e1rio, \u00e9 garantir que ela seja utilizada com responsabilidade. O Brasil necessita implementar medidas p\u00fablicas que fortale\u00e7am os pilares da democracia ao mesmo tempo em que protegem seus cidad\u00e3os no mundo digital \u2014 tornando-o mais seguro para todas as pessoas.<\/p>\n<p>Juscelino Filho, ministro das Comunica\u00e7\u00f5es<\/p>\n<p><img fetchpriority=\"high\" decoding=\"async\" class=\"wp-image-19997 aligncenter\" src=\"https:\/\/sertsc.org.br\/site\/wp-content\/uploads\/2025\/02\/site-1-300x200.png\" alt=\"\" width=\"488\" height=\"325\" srcset=\"https:\/\/sertsc.org.br\/site\/wp-content\/uploads\/2025\/02\/site-1-300x200.png 300w, https:\/\/sertsc.org.br\/site\/wp-content\/uploads\/2025\/02\/site-1-768x513.png 768w, https:\/\/sertsc.org.br\/site\/wp-content\/uploads\/2025\/02\/site-1.png 900w\" sizes=\"(max-width: 488px) 100vw, 488px\" \/><\/p>\n<p>Fonte: Mcom<\/p>\n","protected":false},"excerpt":{"rendered":"<p>O ministro das Comunica\u00e7\u00f5es, Juscelino Filho, defendeu em artigo publicado&hellip;<\/p>\n<p> <a class=\"more-link\" href=\"https:\/\/sertsc.org.br\/site\/em-artigo-na-folha-de-s-paulo-juscelino-filho-defende-debate-sobre-regulacao-contra-desinformacao-nas-redes-sociais\/\">Leia mais<\/a><\/p>\n","protected":false},"author":2,"featured_media":19997,"comment_status":"open","ping_status":"open","sticky":false,"template":"","format":"standard","meta":{"footnotes":""},"categories":[36,33,35,3],"tags":[],"class_list":{"0":"post-19996","1":"post","2":"type-post","3":"status-publish","4":"format-standard","5":"has-post-thumbnail","7":"category-artigos","8":"category-destaques","9":"category-entrevistas","10":"category-noticias"},"_links":{"self":[{"href":"https:\/\/sertsc.org.br\/site\/wp-json\/wp\/v2\/posts\/19996","targetHints":{"allow":["GET"]}}],"collection":[{"href":"https:\/\/sertsc.org.br\/site\/wp-json\/wp\/v2\/posts"}],"about":[{"href":"https:\/\/sertsc.org.br\/site\/wp-json\/wp\/v2\/types\/post"}],"author":[{"embeddable":true,"href":"https:\/\/sertsc.org.br\/site\/wp-json\/wp\/v2\/users\/2"}],"replies":[{"embeddable":true,"href":"https:\/\/sertsc.org.br\/site\/wp-json\/wp\/v2\/comments?post=19996"}],"version-history":[{"count":1,"href":"https:\/\/sertsc.org.br\/site\/wp-json\/wp\/v2\/posts\/19996\/revisions"}],"predecessor-version":[{"id":19998,"href":"https:\/\/sertsc.org.br\/site\/wp-json\/wp\/v2\/posts\/19996\/revisions\/19998"}],"wp:featuredmedia":[{"embeddable":true,"href":"https:\/\/sertsc.org.br\/site\/wp-json\/wp\/v2\/media\/19997"}],"wp:attachment":[{"href":"https:\/\/sertsc.org.br\/site\/wp-json\/wp\/v2\/media?parent=19996"}],"wp:term":[{"taxonomy":"category","embeddable":true,"href":"https:\/\/sertsc.org.br\/site\/wp-json\/wp\/v2\/categories?post=19996"},{"taxonomy":"post_tag","embeddable":true,"href":"https:\/\/sertsc.org.br\/site\/wp-json\/wp\/v2\/tags?post=19996"}],"curies":[{"name":"wp","href":"https:\/\/api.w.org\/{rel}","templated":true}]}}