{"id":19994,"date":"2025-01-31T16:44:25","date_gmt":"2025-01-31T19:44:25","guid":{"rendered":"https:\/\/sertsc.org.br\/site\/?p=19994"},"modified":"2025-01-31T16:44:25","modified_gmt":"2025-01-31T19:44:25","slug":"consulta-publica-sobre-flexibilizacao-da-voz-do-brasil-segue-ate-hoje","status":"publish","type":"post","link":"https:\/\/sertsc.org.br\/site\/consulta-publica-sobre-flexibilizacao-da-voz-do-brasil-segue-ate-hoje\/","title":{"rendered":"Consulta P\u00fablica sobre flexibiliza\u00e7\u00e3o da Voz do Brasil segue at\u00e9 hoje"},"content":{"rendered":"<p>O Minist\u00e9rio das Comunica\u00e7\u00f5es (MCom) segue com a Consulta P\u00fablica n\u00ba 2\/2024, que convida a sociedade a contribuir para a elabora\u00e7\u00e3o do calend\u00e1rio de flexibiliza\u00e7\u00e3o ou dispensa da retransmiss\u00e3o obrigat\u00f3ria do programa A Voz do Brasil no ano de 2025. A consulta \u00e9 voltada para emissoras, institui\u00e7\u00f5es e cidad\u00e3os interessados em apresentar sugest\u00f5es sobre o tema at\u00e9 esta sexta-feira (31)<\/p>\n<p>As contribui\u00e7\u00f5es devem incluir propostas de datas e hor\u00e1rios para flexibiliza\u00e7\u00e3o ou dispensa da retransmiss\u00e3o, abrang\u00eancia (nacional, estadual, distrital ou municipal), al\u00e9m de justificar o excepcional interesse p\u00fablico para a divulga\u00e7\u00e3o de eventos ou manifesta\u00e7\u00f5es de grande repercuss\u00e3o. Tamb\u00e9m ser\u00e1 necess\u00e1rio demonstrar a incompatibilidade absoluta com os hor\u00e1rios originais de retransmiss\u00e3o para que os casos indicados possam ser inclu\u00eddos no calend\u00e1rio oficial do pr\u00f3ximo ano.<\/p>\n<p>As contribui\u00e7\u00f5es devem incluir propostas de datas e hor\u00e1rios para flexibiliza\u00e7\u00e3o ou dispensa da retransmiss\u00e3o, abrang\u00eancia (nacional, estadual, distrital ou municipal), al\u00e9m de justificar o excepcional interesse p\u00fablico para a divulga\u00e7\u00e3o de eventos ou manifesta\u00e7\u00f5es de grande repercuss\u00e3o. Tamb\u00e9m ser\u00e1 necess\u00e1rio demonstrar a incompatibilidade absoluta com os hor\u00e1rios originais de retransmiss\u00e3o para que os casos indicados possam ser inclu\u00eddos no calend\u00e1rio oficial do pr\u00f3ximo ano.<\/p>\n<p>Os interessados devem encaminhar suas sugest\u00f5es at\u00e9 hoje por meio da plataforma Participa + Brasil. O formul\u00e1rio est\u00e1 dispon\u00edvel no endere\u00e7o participa.gov.br.<\/p>\n<p>Mais informa\u00e7\u00f5es e o texto completo do Aviso de Consulta P\u00fablica podem ser acessados no Di\u00e1rio Oficial da Uni\u00e3o.<\/p>\n<p><img fetchpriority=\"high\" decoding=\"async\" class=\"wp-image-19761 aligncenter\" src=\"https:\/\/sertsc.org.br\/site\/wp-content\/uploads\/2024\/05\/site-1-2-300x200.png\" alt=\"\" width=\"482\" height=\"321\" srcset=\"https:\/\/sertsc.org.br\/site\/wp-content\/uploads\/2024\/05\/site-1-2-300x200.png 300w, https:\/\/sertsc.org.br\/site\/wp-content\/uploads\/2024\/05\/site-1-2-768x513.png 768w, https:\/\/sertsc.org.br\/site\/wp-content\/uploads\/2024\/05\/site-1-2.png 900w\" sizes=\"(max-width: 482px) 100vw, 482px\" \/><\/p>\n<p>Fonte: Tudo R\u00e1dio.<\/p>\n","protected":false},"excerpt":{"rendered":"<p>O Minist\u00e9rio das Comunica\u00e7\u00f5es (MCom) segue com a Consulta P\u00fablica&hellip;<\/p>\n<p> <a class=\"more-link\" href=\"https:\/\/sertsc.org.br\/site\/consulta-publica-sobre-flexibilizacao-da-voz-do-brasil-segue-ate-hoje\/\">Leia mais<\/a><\/p>\n","protected":false},"author":2,"featured_media":19761,"comment_status":"open","ping_status":"open","sticky":false,"template":"","format":"standard","meta":{"footnotes":""},"categories":[36,33,35,3],"tags":[],"class_list":{"0":"post-19994","1":"post","2":"type-post","3":"status-publish","4":"format-standard","5":"has-post-thumbnail","7":"category-artigos","8":"category-destaques","9":"category-entrevistas","10":"category-noticias"},"_links":{"self":[{"href":"https:\/\/sertsc.org.br\/site\/wp-json\/wp\/v2\/posts\/19994","targetHints":{"allow":["GET"]}}],"collection":[{"href":"https:\/\/sertsc.org.br\/site\/wp-json\/wp\/v2\/posts"}],"about":[{"href":"https:\/\/sertsc.org.br\/site\/wp-json\/wp\/v2\/types\/post"}],"author":[{"embeddable":true,"href":"https:\/\/sertsc.org.br\/site\/wp-json\/wp\/v2\/users\/2"}],"replies":[{"embeddable":true,"href":"https:\/\/sertsc.org.br\/site\/wp-json\/wp\/v2\/comments?post=19994"}],"version-history":[{"count":1,"href":"https:\/\/sertsc.org.br\/site\/wp-json\/wp\/v2\/posts\/19994\/revisions"}],"predecessor-version":[{"id":19995,"href":"https:\/\/sertsc.org.br\/site\/wp-json\/wp\/v2\/posts\/19994\/revisions\/19995"}],"wp:featuredmedia":[{"embeddable":true,"href":"https:\/\/sertsc.org.br\/site\/wp-json\/wp\/v2\/media\/19761"}],"wp:attachment":[{"href":"https:\/\/sertsc.org.br\/site\/wp-json\/wp\/v2\/media?parent=19994"}],"wp:term":[{"taxonomy":"category","embeddable":true,"href":"https:\/\/sertsc.org.br\/site\/wp-json\/wp\/v2\/categories?post=19994"},{"taxonomy":"post_tag","embeddable":true,"href":"https:\/\/sertsc.org.br\/site\/wp-json\/wp\/v2\/tags?post=19994"}],"curies":[{"name":"wp","href":"https:\/\/api.w.org\/{rel}","templated":true}]}}