{"id":19982,"date":"2025-01-16T15:37:30","date_gmt":"2025-01-16T18:37:30","guid":{"rendered":"https:\/\/sertsc.org.br\/site\/?p=19982"},"modified":"2025-01-16T15:48:56","modified_gmt":"2025-01-16T18:48:56","slug":"presidente-lula-sanciona-lei-que-institui-o-dia-nacional-do-radio","status":"publish","type":"post","link":"https:\/\/sertsc.org.br\/site\/presidente-lula-sanciona-lei-que-institui-o-dia-nacional-do-radio\/","title":{"rendered":"Presidente Lula sanciona lei que institui o Dia Nacional do R\u00e1dio"},"content":{"rendered":"<p>O presidente Luiz In\u00e1cio Lula da Silva sancionou a Lei n\u00ba 15.101, que torna oficial o Dia Nacional do R\u00e1dio. A medida foi publicada nesta ter\u00e7a-feira (14) no Di\u00e1rio Oficial da Uni\u00e3o e institui a celebra\u00e7\u00e3o anualmente no dia 25 de setembro, reconhecendo a import\u00e2ncia hist\u00f3rica, cultural e social do r\u00e1dio como um dos meios de comunica\u00e7\u00e3o mais relevantes do Brasil.<\/p>\n<p>De acordo com a justificativa do projeto, a data escolhida refere-se ao anivers\u00e1rio de nascimento de Edgar Roquette-Pinto, m\u00e9dico, professor e antrop\u00f3logo carioca que desempenhou importante papel na implanta\u00e7\u00e3o e na dissemina\u00e7\u00e3o do r\u00e1dio no pa\u00eds. Considerado o \u201cPai da radiodifus\u00e3o no Brasil\u201d, Roquette-Pinto fundou, em 1923, a primeira emissora brasileira, a R\u00e1dio Sociedade do Rio de Janeiro, atual R\u00e1dio MEC, voltada a divulgar not\u00edcias e veicular uma programa\u00e7\u00e3o cultural.<\/p>\n<p>A nova lei teve origem em um projeto de lei apresentado pelo Poder Executivo: o PL 2469\/22. A proposta foi aprovada pela C\u00e2mara dos Deputados e pelo Senado no ano passado. Relator do projeto na Comiss\u00e3o de Cultura da C\u00e2mara dos Deputados, o deputado Marcelo Crivella (Republicanos-RJ) ressaltou que o r\u00e1dio desempenhou &#8220;papel fundamental na dissemina\u00e7\u00e3o de informa\u00e7\u00f5es, entretenimento e cultura ao longo das d\u00e9cadas&#8221;.<\/p>\n<p>O relat\u00f3rio, que foi lido durante sua tramita\u00e7\u00e3o na Comiss\u00e3o de Educa\u00e7\u00e3o do Senado pelo senador Astronauta Marcos Pontes (PL-SP), reconheceu a import\u00e2ncia hist\u00f3rica desse pioneiro para o surgimento da radiodifus\u00e3o no Brasil. \u201cAo se instituir a data de 25 de setembro como o Dia Nacional do R\u00e1dio, celebra-se a contribui\u00e7\u00e3o inestim\u00e1vel de Roquette-Pinto para a comunica\u00e7\u00e3o, e a capacidade transformadora do r\u00e1dio na vida de milh\u00f5es de brasileiros\u201d, refor\u00e7ou Pontes.<\/p>\n<p>Vale ressaltar que a data j\u00e1 \u00e9 simbolicamente comemorada como o Dia do R\u00e1dio desde 1966 pela ABERT. A iniciativa foi lan\u00e7ada pelo ent\u00e3o presidente da Associa\u00e7\u00e3o, Jo\u00e3o Calmon, durante o IV Congresso Brasileiro de Radiodifus\u00e3o, realizado em Salvador (BA).Com a promulga\u00e7\u00e3o da lei, a data passa a ser institu\u00edda de forma oficial para as comemora\u00e7\u00f5es ao meio de comunica\u00e7\u00e3o.<\/p>\n<p><img fetchpriority=\"high\" decoding=\"async\" class=\"wp-image-19983 aligncenter\" src=\"https:\/\/sertsc.org.br\/site\/wp-content\/uploads\/2025\/01\/675b157c6ece4-300x215.jpg\" alt=\"\" width=\"494\" height=\"354\" srcset=\"https:\/\/sertsc.org.br\/site\/wp-content\/uploads\/2025\/01\/675b157c6ece4-300x215.jpg 300w, https:\/\/sertsc.org.br\/site\/wp-content\/uploads\/2025\/01\/675b157c6ece4.jpg 635w\" sizes=\"(max-width: 494px) 100vw, 494px\" \/><\/p>\n<h6 style=\"text-align: center;\">Roquette-Pinto inaugurou a primeira esta\u00e7\u00e3o de r\u00e1dio no Brasil &#8211; Foto: Arquivo EBC<\/h6>\n<p>Fonte: Tudo R\u00e1dio.<\/p>\n","protected":false},"excerpt":{"rendered":"<p>O presidente Luiz In\u00e1cio Lula da Silva sancionou a Lei&hellip;<\/p>\n<p> <a class=\"more-link\" href=\"https:\/\/sertsc.org.br\/site\/presidente-lula-sanciona-lei-que-institui-o-dia-nacional-do-radio\/\">Leia mais<\/a><\/p>\n","protected":false},"author":2,"featured_media":19983,"comment_status":"open","ping_status":"open","sticky":false,"template":"","format":"standard","meta":{"footnotes":""},"categories":[36,33,35,3],"tags":[],"class_list":{"0":"post-19982","1":"post","2":"type-post","3":"status-publish","4":"format-standard","5":"has-post-thumbnail","7":"category-artigos","8":"category-destaques","9":"category-entrevistas","10":"category-noticias"},"_links":{"self":[{"href":"https:\/\/sertsc.org.br\/site\/wp-json\/wp\/v2\/posts\/19982","targetHints":{"allow":["GET"]}}],"collection":[{"href":"https:\/\/sertsc.org.br\/site\/wp-json\/wp\/v2\/posts"}],"about":[{"href":"https:\/\/sertsc.org.br\/site\/wp-json\/wp\/v2\/types\/post"}],"author":[{"embeddable":true,"href":"https:\/\/sertsc.org.br\/site\/wp-json\/wp\/v2\/users\/2"}],"replies":[{"embeddable":true,"href":"https:\/\/sertsc.org.br\/site\/wp-json\/wp\/v2\/comments?post=19982"}],"version-history":[{"count":3,"href":"https:\/\/sertsc.org.br\/site\/wp-json\/wp\/v2\/posts\/19982\/revisions"}],"predecessor-version":[{"id":19986,"href":"https:\/\/sertsc.org.br\/site\/wp-json\/wp\/v2\/posts\/19982\/revisions\/19986"}],"wp:featuredmedia":[{"embeddable":true,"href":"https:\/\/sertsc.org.br\/site\/wp-json\/wp\/v2\/media\/19983"}],"wp:attachment":[{"href":"https:\/\/sertsc.org.br\/site\/wp-json\/wp\/v2\/media?parent=19982"}],"wp:term":[{"taxonomy":"category","embeddable":true,"href":"https:\/\/sertsc.org.br\/site\/wp-json\/wp\/v2\/categories?post=19982"},{"taxonomy":"post_tag","embeddable":true,"href":"https:\/\/sertsc.org.br\/site\/wp-json\/wp\/v2\/tags?post=19982"}],"curies":[{"name":"wp","href":"https:\/\/api.w.org\/{rel}","templated":true}]}}