{"id":19972,"date":"2025-01-08T10:03:45","date_gmt":"2025-01-08T13:03:45","guid":{"rendered":"https:\/\/sertsc.org.br\/site\/?p=19972"},"modified":"2025-01-08T10:04:14","modified_gmt":"2025-01-08T13:04:14","slug":"acaert-e-sert-sc-realizam-a-primeira-pesquisa-de-cargos-e-salarios-da-radiodifusao-em-santa-catarina","status":"publish","type":"post","link":"https:\/\/sertsc.org.br\/site\/acaert-e-sert-sc-realizam-a-primeira-pesquisa-de-cargos-e-salarios-da-radiodifusao-em-santa-catarina\/","title":{"rendered":"ACAERT e SERT\/SC realizam a primeira pesquisa de cargos e sal\u00e1rios da radiodifus\u00e3o em Santa Catarina"},"content":{"rendered":"<p>Prazo para preenchimento do formul\u00e1rio termina na sexta-feira (10)<\/p>\n<p>A Associa\u00e7\u00e3o Catarinense de Emissoras de R\u00e1dio e Televis\u00e3o (ACAERT) e o Sindicato das Empresas de R\u00e1dio e Televis\u00e3o de Santa Catarina (SERT\/SC) promovem neste ano a primeira pesquisa de cargos, sal\u00e1rios, fun\u00e7\u00f5es e benef\u00edcios da radiodifus\u00e3o no estado. O objetivo \u00e9 tra\u00e7ar um panorama detalhado das condi\u00e7\u00f5es de trabalho no setor, abrangendo todas as regi\u00f5es de Santa Catarina. Interessados em colaborar devem preencher o formul\u00e1rio da pesquisa at\u00e9 sexta-feira (10).<\/p>\n<p>O levantamento abordar\u00e1 aspectos como remunera\u00e7\u00e3o fixa e vari\u00e1vel, benef\u00edcios, pol\u00edticas empresariais e indicadores de recursos humanos. Dados recebidos pelo levantamento s\u00e3o sigilosos e n\u00e3o ser\u00e3o acessadas informa\u00e7\u00f5es individuais e de emissoras espec\u00edficas, apenas m\u00e9dias por cargos e fun\u00e7\u00f5es em cada regi\u00e3o de Santa Catarina.<\/p>\n<p>Assim que os dados forem tabulados, associados da ACAERT e do SERT ter\u00e3o acesso aos resultados da pesquisa. As informa\u00e7\u00f5es servir\u00e3o como uma importante ferramenta para auxiliar gestores na tomada de decis\u00f5es estrat\u00e9gicas e na reten\u00e7\u00e3o de talentos no setor.<\/p>\n<p>A ACAERT refor\u00e7a a import\u00e2ncia da participa\u00e7\u00e3o de seus associados para o sucesso da pesquisa. Para preencher o formul\u00e1rio, basta <strong><a href=\"https:\/\/form.jotform.com\/242485068975673\">clicar neste link<\/a> <\/strong>e selecionar a op\u00e7\u00e3o \u201cassociado ACAERT\u201d.<\/p>\n<p><img fetchpriority=\"high\" decoding=\"async\" class=\"wp-image-19973 aligncenter\" src=\"https:\/\/sertsc.org.br\/site\/wp-content\/uploads\/2025\/01\/677c3de0954c8-300x200.jpg\" alt=\"\" width=\"524\" height=\"349\" srcset=\"https:\/\/sertsc.org.br\/site\/wp-content\/uploads\/2025\/01\/677c3de0954c8-300x200.jpg 300w, https:\/\/sertsc.org.br\/site\/wp-content\/uploads\/2025\/01\/677c3de0954c8-1024x682.jpg 1024w, https:\/\/sertsc.org.br\/site\/wp-content\/uploads\/2025\/01\/677c3de0954c8-768x512.jpg 768w, https:\/\/sertsc.org.br\/site\/wp-content\/uploads\/2025\/01\/677c3de0954c8-1536x1024.jpg 1536w, https:\/\/sertsc.org.br\/site\/wp-content\/uploads\/2025\/01\/677c3de0954c8.jpg 2000w\" sizes=\"(max-width: 524px) 100vw, 524px\" \/><\/p>\n<p>Fonte: Acaert<\/p>\n","protected":false},"excerpt":{"rendered":"<p>Prazo para preenchimento do formul\u00e1rio termina na sexta-feira (10) A&hellip;<\/p>\n<p> <a class=\"more-link\" href=\"https:\/\/sertsc.org.br\/site\/acaert-e-sert-sc-realizam-a-primeira-pesquisa-de-cargos-e-salarios-da-radiodifusao-em-santa-catarina\/\">Leia mais<\/a><\/p>\n","protected":false},"author":2,"featured_media":19973,"comment_status":"open","ping_status":"open","sticky":false,"template":"","format":"standard","meta":{"footnotes":""},"categories":[36,33,35,3],"tags":[],"class_list":{"0":"post-19972","1":"post","2":"type-post","3":"status-publish","4":"format-standard","5":"has-post-thumbnail","7":"category-artigos","8":"category-destaques","9":"category-entrevistas","10":"category-noticias"},"_links":{"self":[{"href":"https:\/\/sertsc.org.br\/site\/wp-json\/wp\/v2\/posts\/19972","targetHints":{"allow":["GET"]}}],"collection":[{"href":"https:\/\/sertsc.org.br\/site\/wp-json\/wp\/v2\/posts"}],"about":[{"href":"https:\/\/sertsc.org.br\/site\/wp-json\/wp\/v2\/types\/post"}],"author":[{"embeddable":true,"href":"https:\/\/sertsc.org.br\/site\/wp-json\/wp\/v2\/users\/2"}],"replies":[{"embeddable":true,"href":"https:\/\/sertsc.org.br\/site\/wp-json\/wp\/v2\/comments?post=19972"}],"version-history":[{"count":2,"href":"https:\/\/sertsc.org.br\/site\/wp-json\/wp\/v2\/posts\/19972\/revisions"}],"predecessor-version":[{"id":19975,"href":"https:\/\/sertsc.org.br\/site\/wp-json\/wp\/v2\/posts\/19972\/revisions\/19975"}],"wp:featuredmedia":[{"embeddable":true,"href":"https:\/\/sertsc.org.br\/site\/wp-json\/wp\/v2\/media\/19973"}],"wp:attachment":[{"href":"https:\/\/sertsc.org.br\/site\/wp-json\/wp\/v2\/media?parent=19972"}],"wp:term":[{"taxonomy":"category","embeddable":true,"href":"https:\/\/sertsc.org.br\/site\/wp-json\/wp\/v2\/categories?post=19972"},{"taxonomy":"post_tag","embeddable":true,"href":"https:\/\/sertsc.org.br\/site\/wp-json\/wp\/v2\/tags?post=19972"}],"curies":[{"name":"wp","href":"https:\/\/api.w.org\/{rel}","templated":true}]}}