{"id":19902,"date":"2024-10-11T10:01:57","date_gmt":"2024-10-11T13:01:57","guid":{"rendered":"https:\/\/sertsc.org.br\/site\/?p=19902"},"modified":"2024-10-11T10:06:35","modified_gmt":"2024-10-11T13:06:35","slug":"radio-e-ouvido-por-79-da-populacao-no-brasil-em-13-mercados-monitorados-pela-kantar-ibope-media","status":"publish","type":"post","link":"https:\/\/sertsc.org.br\/site\/radio-e-ouvido-por-79-da-populacao-no-brasil-em-13-mercados-monitorados-pela-kantar-ibope-media\/","title":{"rendered":"R\u00e1dio \u00e9 ouvido por 79% da popula\u00e7\u00e3o no Brasil em 13 mercados monitorados pela Kantar IBOPE Media"},"content":{"rendered":"<p>Hoje (9), a Kantar IBOPE Media lan\u00e7ar\u00e1 ao mercado a edi\u00e7\u00e3o de 2024 do Inside \u00c1udio, estudo que \u00e9 considerado o principal term\u00f4metro do consumo de \u00e1udio e r\u00e1dio no Brasil. De acordo com dados preliminares aos quais o tudoradio.com teve acesso, o \u00e1udio continua sendo um formato de m\u00eddia predominante entre os brasileiros, com 91% da popula\u00e7\u00e3o consumindo algum tipo de conte\u00fado de \u00e1udio, de acordo com dados do Target Group Index TG BR 2024 R1. O r\u00e1dio, principal expoente do \u00e1udio, \u00e9 ouvido por 79% da popula\u00e7\u00e3o nos 13 mercados regularmente analisados pela Kantar IBOPE Media. Os ouvintes dedicam, em m\u00e9dia, 3 horas e 55 minutos di\u00e1rios a esse meio.<\/p>\n<p>\u201cA maior for\u00e7a do \u00e1udio reside na capacidade de engajar de maneira \u00edntima e imersiva, por vezes com o apoio do v\u00eddeo, como ocorre em podcasts. De diferentes maneiras, o formato se faz presente na jornada das pessoas\u201d, diz Adriana Favaro, vice-presidente comercial da Kantar IBOPE Media.<\/p>\n<p>Os dados sobre o consumo de r\u00e1dio foram obtidos a partir da an\u00e1lise de 13 pra\u00e7as brasileiras entre abril e junho de 2024, mostrando a for\u00e7a e relev\u00e2ncia do meio como uma m\u00eddia essencial e integrada \u00e0 rotina da popula\u00e7\u00e3o. Nesse contexto, a regi\u00e3o da Grande Belo Horizonte apresenta o maior alcance do r\u00e1dio entre as pra\u00e7as analisadas, com 86,5% da popula\u00e7\u00e3o ouvindo o meio, e um tempo m\u00e9dio de escuta de 3 horas, 55 minutos e 22 segundos por dia. Em seguida, a Grande Curitiba tem um alcance de 83,7%, com uma m\u00e9dia de 3 horas, 32 minutos e 38 segundos de escuta di\u00e1ria.<\/p>\n<p>A Grande Fortaleza registra um alcance de 83,2%, com 3 horas, 50 minutos e 40 segundos de consumo di\u00e1rio de r\u00e1dio. E a Grande Porto Alegre tem 83,1% de alcance, com um tempo m\u00e9dio de 3 horas, 54 minutos e 44 segundos.<\/p>\n<p>Na Grande Florian\u00f3polis, o r\u00e1dio alcan\u00e7a 81,8% da popula\u00e7\u00e3o, com uma m\u00e9dia de 3 horas, 42 minutos e 15 segundos de escuta por dia. Na Grande Vit\u00f3ria, o r\u00e1dio atinge 80,7% da popula\u00e7\u00e3o, com 3 horas, 57 minutos e 54 segundos de escuta di\u00e1ria.<\/p>\n<p>O Grande Rio de Janeiro apresenta 80,0% de alcance, e um dos maiores tempos m\u00e9dios de escuta, com 4 horas, 22 minutos e 45 segundos di\u00e1rios. Em Campinas, 78,6% da popula\u00e7\u00e3o ouve r\u00e1dio, com um tempo m\u00e9dio de 3 horas, 25 minutos e 27 segundos por dia.<\/p>\n<p>No Distrito Federal, o r\u00e1dio alcan\u00e7a 77,1% da popula\u00e7\u00e3o, com 3 horas, 13 minutos e 3 segundos de escuta di\u00e1ria. A Grande S\u00e3o Paulo tem um alcance de 75,9%, com uma m\u00e9dia de 3 horas, 51 minutos e 23 segundos de consumo de r\u00e1dio por dia.<\/p>\n<p>Na Grande Goi\u00e2nia, o r\u00e1dio atinge 75,1% da popula\u00e7\u00e3o, que ouve o meio por cerca de 3 horas, 43 minutos e 52 segundos diariamente. Na Grande Salvador, o alcance \u00e9 de 74,5%, com os ouvintes dedicando, em m\u00e9dia, 3 horas, 48 minutos e 10 segundos ao r\u00e1dio. <a href=\"https:\/\/tudoradio.com\/noticias\/ver\/32088-radio-e-ouvido-por-79-da-populacao-no-brasil-em-13-mercados-monitorados-pela-kantar-ibope-media\">Acompanhei mais em Tudo R\u00e1dio.<\/a><\/p>\n<p><img fetchpriority=\"high\" decoding=\"async\" class=\"wp-image-19903 aligncenter\" src=\"https:\/\/sertsc.org.br\/site\/wp-content\/uploads\/2024\/10\/site-7-300x200.png\" alt=\"\" width=\"503\" height=\"335\" srcset=\"https:\/\/sertsc.org.br\/site\/wp-content\/uploads\/2024\/10\/site-7-300x200.png 300w, https:\/\/sertsc.org.br\/site\/wp-content\/uploads\/2024\/10\/site-7-768x513.png 768w, https:\/\/sertsc.org.br\/site\/wp-content\/uploads\/2024\/10\/site-7.png 900w\" sizes=\"(max-width: 503px) 100vw, 503px\" \/><\/p>\n<p>Fonte: Tudo R\u00e1dio.<\/p>\n","protected":false},"excerpt":{"rendered":"<p>Hoje (9), a Kantar IBOPE Media lan\u00e7ar\u00e1 ao mercado a&hellip;<\/p>\n<p> <a class=\"more-link\" href=\"https:\/\/sertsc.org.br\/site\/radio-e-ouvido-por-79-da-populacao-no-brasil-em-13-mercados-monitorados-pela-kantar-ibope-media\/\">Leia mais<\/a><\/p>\n","protected":false},"author":2,"featured_media":19903,"comment_status":"open","ping_status":"open","sticky":false,"template":"","format":"standard","meta":{"footnotes":""},"categories":[33,3],"tags":[],"class_list":{"0":"post-19902","1":"post","2":"type-post","3":"status-publish","4":"format-standard","5":"has-post-thumbnail","7":"category-destaques","8":"category-noticias"},"_links":{"self":[{"href":"https:\/\/sertsc.org.br\/site\/wp-json\/wp\/v2\/posts\/19902","targetHints":{"allow":["GET"]}}],"collection":[{"href":"https:\/\/sertsc.org.br\/site\/wp-json\/wp\/v2\/posts"}],"about":[{"href":"https:\/\/sertsc.org.br\/site\/wp-json\/wp\/v2\/types\/post"}],"author":[{"embeddable":true,"href":"https:\/\/sertsc.org.br\/site\/wp-json\/wp\/v2\/users\/2"}],"replies":[{"embeddable":true,"href":"https:\/\/sertsc.org.br\/site\/wp-json\/wp\/v2\/comments?post=19902"}],"version-history":[{"count":2,"href":"https:\/\/sertsc.org.br\/site\/wp-json\/wp\/v2\/posts\/19902\/revisions"}],"predecessor-version":[{"id":19908,"href":"https:\/\/sertsc.org.br\/site\/wp-json\/wp\/v2\/posts\/19902\/revisions\/19908"}],"wp:featuredmedia":[{"embeddable":true,"href":"https:\/\/sertsc.org.br\/site\/wp-json\/wp\/v2\/media\/19903"}],"wp:attachment":[{"href":"https:\/\/sertsc.org.br\/site\/wp-json\/wp\/v2\/media?parent=19902"}],"wp:term":[{"taxonomy":"category","embeddable":true,"href":"https:\/\/sertsc.org.br\/site\/wp-json\/wp\/v2\/categories?post=19902"},{"taxonomy":"post_tag","embeddable":true,"href":"https:\/\/sertsc.org.br\/site\/wp-json\/wp\/v2\/tags?post=19902"}],"curies":[{"name":"wp","href":"https:\/\/api.w.org\/{rel}","templated":true}]}}