{"id":19897,"date":"2024-10-04T08:32:26","date_gmt":"2024-10-04T11:32:26","guid":{"rendered":"https:\/\/sertsc.org.br\/site\/?p=19897"},"modified":"2024-10-04T08:32:26","modified_gmt":"2024-10-04T11:32:26","slug":"horario-eleitoral-no-radio-e-televisao-acaba-nesta-quinta-feira-3","status":"publish","type":"post","link":"https:\/\/sertsc.org.br\/site\/horario-eleitoral-no-radio-e-televisao-acaba-nesta-quinta-feira-3\/","title":{"rendered":"Hor\u00e1rio eleitoral no r\u00e1dio e televis\u00e3o acaba nesta quinta-feira (3)"},"content":{"rendered":"<p>A veicula\u00e7\u00e3o da propaganda eleitoral ser\u00e1 encerrada nesta quinta-feira (3) no r\u00e1dio e na televis\u00e3o. O primeiro turno das elei\u00e7\u00f5es municipais, marcado para domingo (6), se aproxima e, com ele, os partidos, coliga\u00e7\u00f5es, federa\u00e7\u00f5es e candidatos precisam estar atentos aos prazos que regulamentam a propaganda eleitoral, sob risco de multa.<\/p>\n<p>Segundo o C\u00f3digo Eleitoral (Lei n\u00ba 9.504\/1997), \u00e9 proibida, desde 48 horas antes (\u00e0s 8h do dia 4 de outubro) at\u00e9 24 horas depois (\u00e0s 17h de 7 de outubro) da elei\u00e7\u00e3o, qualquer propaganda pol\u00edtica em r\u00e1dios e televis\u00e3o. A lei inclui a circula\u00e7\u00e3o paga ou impulsionada de propaganda eleitoral na internet, mesmo se a contrata\u00e7\u00e3o do servi\u00e7o tiver sido realizada antes do prazo estipulado.<\/p>\n<p>Outro item na lista de proibi\u00e7\u00f5es, a partir de 48h antes do pleito \u00e9 vetada a realiza\u00e7\u00e3o de com\u00edcios ou reuni\u00f5es p\u00fablicas. Esses eventos costumam ser realizados por partidos pol\u00edticos e candidatos durante o per\u00edodo de campanha eleitoral para promover propostas e buscar o apoio de eleitores.<\/p>\n<p>Caso a cidade tenha segundo turno, estes eventos poder\u00e3o ser retomados 24h ap\u00f3s encerrada a vota\u00e7\u00e3o (17h de segunda-feira, 7 de outubro). Al\u00e9m disso, caminhadas, carreatas ou passeatas, acompanhadas ou n\u00e3o por carros de som ou minitrios, s\u00f3 s\u00e3o permitidas at\u00e9 22h de s\u00e1bado (5).<\/p>\n<p>O descumprimento dos prazos pode resultar em multas. De acordo com o Tribunal Regional Eleitoral, o respons\u00e1vel pela divulga\u00e7\u00e3o da propaganda e o benefici\u00e1rio (quando comprovado o envolvimento) poder\u00e3o pagar entre R$ 5 mil e R$ 25 mil, ou o equivalente ao custo da propaganda, se ultrapassar o valor m\u00e1ximo.<\/p>\n<p>Se houver segundo turno, marcado para 27 de outubro, as emissoras de r\u00e1dio e televis\u00e3o reservar\u00e3o, a partir do dia 11 at\u00e9 25 de outubro, hor\u00e1rio destinado \u00e0 divulga\u00e7\u00e3o da propaganda eleitoral. Nos mesmos moldes do primeiro turno, os hor\u00e1rios ser\u00e3o divididos em dois blocos di\u00e1rios de dez minutos para cada elei\u00e7\u00e3o.<\/p>\n<p><img fetchpriority=\"high\" decoding=\"async\" class=\"wp-image-19851 aligncenter\" src=\"https:\/\/sertsc.org.br\/site\/wp-content\/uploads\/2024\/08\/site-1-300x200.png\" alt=\"\" width=\"494\" height=\"329\" srcset=\"https:\/\/sertsc.org.br\/site\/wp-content\/uploads\/2024\/08\/site-1-300x200.png 300w, https:\/\/sertsc.org.br\/site\/wp-content\/uploads\/2024\/08\/site-1-768x513.png 768w, https:\/\/sertsc.org.br\/site\/wp-content\/uploads\/2024\/08\/site-1.png 900w\" sizes=\"(max-width: 494px) 100vw, 494px\" \/><\/p>\n<p>Fonte: Tudo R\u00e1dio.<\/p>\n","protected":false},"excerpt":{"rendered":"<p>A veicula\u00e7\u00e3o da propaganda eleitoral ser\u00e1 encerrada nesta quinta-feira (3)&hellip;<\/p>\n<p> <a class=\"more-link\" href=\"https:\/\/sertsc.org.br\/site\/horario-eleitoral-no-radio-e-televisao-acaba-nesta-quinta-feira-3\/\">Leia mais<\/a><\/p>\n","protected":false},"author":2,"featured_media":19860,"comment_status":"open","ping_status":"open","sticky":false,"template":"","format":"standard","meta":{"footnotes":""},"categories":[33,3],"tags":[],"class_list":{"0":"post-19897","1":"post","2":"type-post","3":"status-publish","4":"format-standard","5":"has-post-thumbnail","7":"category-destaques","8":"category-noticias"},"_links":{"self":[{"href":"https:\/\/sertsc.org.br\/site\/wp-json\/wp\/v2\/posts\/19897","targetHints":{"allow":["GET"]}}],"collection":[{"href":"https:\/\/sertsc.org.br\/site\/wp-json\/wp\/v2\/posts"}],"about":[{"href":"https:\/\/sertsc.org.br\/site\/wp-json\/wp\/v2\/types\/post"}],"author":[{"embeddable":true,"href":"https:\/\/sertsc.org.br\/site\/wp-json\/wp\/v2\/users\/2"}],"replies":[{"embeddable":true,"href":"https:\/\/sertsc.org.br\/site\/wp-json\/wp\/v2\/comments?post=19897"}],"version-history":[{"count":1,"href":"https:\/\/sertsc.org.br\/site\/wp-json\/wp\/v2\/posts\/19897\/revisions"}],"predecessor-version":[{"id":19898,"href":"https:\/\/sertsc.org.br\/site\/wp-json\/wp\/v2\/posts\/19897\/revisions\/19898"}],"wp:featuredmedia":[{"embeddable":true,"href":"https:\/\/sertsc.org.br\/site\/wp-json\/wp\/v2\/media\/19860"}],"wp:attachment":[{"href":"https:\/\/sertsc.org.br\/site\/wp-json\/wp\/v2\/media?parent=19897"}],"wp:term":[{"taxonomy":"category","embeddable":true,"href":"https:\/\/sertsc.org.br\/site\/wp-json\/wp\/v2\/categories?post=19897"},{"taxonomy":"post_tag","embeddable":true,"href":"https:\/\/sertsc.org.br\/site\/wp-json\/wp\/v2\/tags?post=19897"}],"curies":[{"name":"wp","href":"https:\/\/api.w.org\/{rel}","templated":true}]}}