{"id":19894,"date":"2024-10-02T14:05:17","date_gmt":"2024-10-02T17:05:17","guid":{"rendered":"https:\/\/sertsc.org.br\/site\/?p=19894"},"modified":"2024-10-02T14:05:17","modified_gmt":"2024-10-02T17:05:17","slug":"com-o-distrito-federal-estreando-na-contagem-brasil-chega-a-1-090-migrantes-am-fm-ativas-no-dial-fm","status":"publish","type":"post","link":"https:\/\/sertsc.org.br\/site\/com-o-distrito-federal-estreando-na-contagem-brasil-chega-a-1-090-migrantes-am-fm-ativas-no-dial-fm\/","title":{"rendered":"Com o Distrito Federal estreando na contagem, Brasil chega a 1.090 migrantes AM-FM ativas no dial FM"},"content":{"rendered":"<p>O tudoradio.com segue diariamente mapeando todas as movimenta\u00e7\u00f5es que ocorrem nos dials FM e AM do Brasil, e a migra\u00e7\u00e3o AM-FM \u00e9 um processo fundamental nessas mudan\u00e7as no espectro. Junto com as altera\u00e7\u00f5es t\u00e9cnicas j\u00e1 existentes, como mudan\u00e7as de classes operacionais, frequ\u00eancias, entre outras movimenta\u00e7\u00f5es, a migra\u00e7\u00e3o das AMs para o FM tem impactado v\u00e1rios mercados. At\u00e9 o fechamento deste texto, 1.090 emissoras originadas na faixa AM completaram a migra\u00e7\u00e3o para o FM, ou seja, est\u00e3o no ar e podem ser sintonizadas pelos ouvintes na nova faixa. E, pela primeira vez, o Distrito Federal entrou nessa contagem. Acompanhe os detalhes:<\/p>\n<p>A estreia do Distrito Federal no processo de migra\u00e7\u00e3o AM-FM ocorreu em agosto passado, sendo que as primeiras migrantes do AM come\u00e7aram a aparecer no FM a partir de 2010. A Jovem Pan News FM 107.5 foi a primeira e, at\u00e9 o momento, a \u00fanica esta\u00e7\u00e3o originada no Distrito Federal como resultado do processo de migra\u00e7\u00e3o da faixa AM para o FM. A regi\u00e3o demorou para completar esse processo, pois havia uma tentativa de alocar as migrantes de Bras\u00edlia e arredores na chamada &#8220;faixa convencional do FM&#8221;, ou seja, de 88.1 FM a 107.9 FM. Antes disso, todas as emissoras estavam previstas para a faixa estendida do FM (eFM), que vai de 76.1 FM at\u00e9 87.3 FM.<\/p>\n<p>Vale destacar que a regi\u00e3o do Distrito Federal j\u00e1 era impactada indiretamente pelo processo de migra\u00e7\u00e3o AM-FM de emissoras originadas no entorno, como no leste de Goi\u00e1s. Existem emissoras em Luzi\u00e2nia e Cristalina, por exemplo, que migraram do AM para o FM e que atingem algumas \u00e1reas do Distrito Federal. Al\u00e9m disso, o eFM j\u00e1 \u00e9 utilizado na regi\u00e3o, com a presen\u00e7a da R\u00e1dio MEC FM 87.1, que, no entanto, n\u00e3o \u00e9 uma migrante do AM. A Jovem Pan News, cuja origem \u00e9 a AM 750, passou a ser a primeira migrante AM-FM ativa da capital federal, processo que ainda conta com canaliza\u00e7\u00e3o prevista para o eFM em outras esta\u00e7\u00f5es.<\/p>\n<p>Ali\u00e1s, essa mudan\u00e7a de rumo, do eFM para o FM convencional, est\u00e1 acontecendo tamb\u00e9m em outras regi\u00f5es metropolitanas. Chamou a aten\u00e7\u00e3o do mercado o uso dessas faixas em S\u00e3o Paulo e Curitiba, onde migrantes AM-FM aceitaram reduzir suas classes operacionais, ou seja, diminuir o alcance do sinal, para serem acomodadas entre 88.1 FM e 107.9 FM. Na Grande S\u00e3o Paulo, o caso mais recente foi o da antiga Estilo FM 86.7, originada na AM 1370, que ressurgiu oficialmente como Apolo FM 99.1, concess\u00e3o de Itapevi. Em Aruj\u00e1, a FM 98.1, originada na AM 660, chegou a ser acomodada temporariamente na FM 83.1 antes da mudan\u00e7a.<\/p>\n<p>Pr\u00f3ximo dali, com impacto na Grande S\u00e3o Paulo, mas tamb\u00e9m com foco na Grande Sorocaba, a R\u00e1dio AD Bel\u00e9m FM 88.7 de Ibi\u00fana surgiu no ar. A emissora, antes operando na FM 80.7, \u00e9 uma migrante AM-FM originada da AM 1350.<\/p>\n<p><img fetchpriority=\"high\" decoding=\"async\" class=\"wp-image-19895 aligncenter\" src=\"https:\/\/sertsc.org.br\/site\/wp-content\/uploads\/2024\/10\/site-6-300x200.png\" alt=\"\" width=\"491\" height=\"327\" srcset=\"https:\/\/sertsc.org.br\/site\/wp-content\/uploads\/2024\/10\/site-6-300x200.png 300w, https:\/\/sertsc.org.br\/site\/wp-content\/uploads\/2024\/10\/site-6-768x513.png 768w, https:\/\/sertsc.org.br\/site\/wp-content\/uploads\/2024\/10\/site-6.png 900w\" sizes=\"(max-width: 491px) 100vw, 491px\" \/><\/p>\n","protected":false},"excerpt":{"rendered":"<p>O tudoradio.com segue diariamente mapeando todas as movimenta\u00e7\u00f5es que ocorrem&hellip;<\/p>\n<p> <a class=\"more-link\" href=\"https:\/\/sertsc.org.br\/site\/com-o-distrito-federal-estreando-na-contagem-brasil-chega-a-1-090-migrantes-am-fm-ativas-no-dial-fm\/\">Leia mais<\/a><\/p>\n","protected":false},"author":2,"featured_media":19895,"comment_status":"open","ping_status":"open","sticky":false,"template":"","format":"standard","meta":{"footnotes":""},"categories":[33,3],"tags":[],"class_list":{"0":"post-19894","1":"post","2":"type-post","3":"status-publish","4":"format-standard","5":"has-post-thumbnail","7":"category-destaques","8":"category-noticias"},"_links":{"self":[{"href":"https:\/\/sertsc.org.br\/site\/wp-json\/wp\/v2\/posts\/19894","targetHints":{"allow":["GET"]}}],"collection":[{"href":"https:\/\/sertsc.org.br\/site\/wp-json\/wp\/v2\/posts"}],"about":[{"href":"https:\/\/sertsc.org.br\/site\/wp-json\/wp\/v2\/types\/post"}],"author":[{"embeddable":true,"href":"https:\/\/sertsc.org.br\/site\/wp-json\/wp\/v2\/users\/2"}],"replies":[{"embeddable":true,"href":"https:\/\/sertsc.org.br\/site\/wp-json\/wp\/v2\/comments?post=19894"}],"version-history":[{"count":1,"href":"https:\/\/sertsc.org.br\/site\/wp-json\/wp\/v2\/posts\/19894\/revisions"}],"predecessor-version":[{"id":19896,"href":"https:\/\/sertsc.org.br\/site\/wp-json\/wp\/v2\/posts\/19894\/revisions\/19896"}],"wp:featuredmedia":[{"embeddable":true,"href":"https:\/\/sertsc.org.br\/site\/wp-json\/wp\/v2\/media\/19895"}],"wp:attachment":[{"href":"https:\/\/sertsc.org.br\/site\/wp-json\/wp\/v2\/media?parent=19894"}],"wp:term":[{"taxonomy":"category","embeddable":true,"href":"https:\/\/sertsc.org.br\/site\/wp-json\/wp\/v2\/categories?post=19894"},{"taxonomy":"post_tag","embeddable":true,"href":"https:\/\/sertsc.org.br\/site\/wp-json\/wp\/v2\/tags?post=19894"}],"curies":[{"name":"wp","href":"https:\/\/api.w.org\/{rel}","templated":true}]}}