{"id":19833,"date":"2024-07-31T10:34:03","date_gmt":"2024-07-31T13:34:03","guid":{"rendered":"https:\/\/sertsc.org.br\/site\/?p=19833"},"modified":"2024-07-31T10:34:03","modified_gmt":"2024-07-31T13:34:03","slug":"o-futuro-dos-profissionais-de-radio-e-televisao-no-brasil-hoje-e-nos-proximos-10-anos","status":"publish","type":"post","link":"https:\/\/sertsc.org.br\/site\/o-futuro-dos-profissionais-de-radio-e-televisao-no-brasil-hoje-e-nos-proximos-10-anos\/","title":{"rendered":"O Futuro dos Profissionais de R\u00e1dio e Televis\u00e3o no Brasil: Hoje e nos Pr\u00f3ximos 10 Anos"},"content":{"rendered":"<p>A ind\u00fastria de r\u00e1dio e televis\u00e3o no Brasil est\u00e1 passando por uma transforma\u00e7\u00e3o significativa, impulsionada pela evolu\u00e7\u00e3o tecnol\u00f3gica e pelas mudan\u00e7as nas prefer\u00eancias dos consumidores. Este artigo tra\u00e7a o perfil dos profissionais de r\u00e1dio e televis\u00e3o, tanto na \u00e1rea de conte\u00fado quanto de vendas, destacando as compet\u00eancias e caracter\u00edsticas essenciais para hoje e para os pr\u00f3ximos 10 anos.<\/p>\n<p>O Profissional de R\u00e1dio e Televis\u00e3o Hoje<\/p>\n<p>Atualmente, os profissionais de r\u00e1dio e televis\u00e3o no Brasil variam amplamente em idade, com muitos na faixa dos 25 aos 45 anos. A maioria possui forma\u00e7\u00e3o em Comunica\u00e7\u00e3o Social, Jornalismo, R\u00e1dio e TV, ou \u00e1reas correlatas. H\u00e1 tamb\u00e9m um crescente interesse por especializa\u00e7\u00f5es e cursos de curta dura\u00e7\u00e3o em novas tecnologias, como edi\u00e7\u00e3o de v\u00eddeo, produ\u00e7\u00e3o de conte\u00fado para m\u00eddias digitais e intelig\u00eancia artificial.<\/p>\n<p>Os profissionais de hoje precisam ser vers\u00e1teis, com habilidades em m\u00faltiplas plataformas de m\u00eddia. A capacidade de criar conte\u00fado para r\u00e1dio, televis\u00e3o e plataformas digitais \u00e9 essencial. Al\u00e9m disso, habilidades t\u00e9cnicas, como edi\u00e7\u00e3o de v\u00eddeo e \u00e1udio, s\u00e3o altamente valorizadas. A familiaridade com ferramentas de an\u00e1lise de dados e m\u00e9tricas de audi\u00eancia tamb\u00e9m est\u00e1 se tornando cada vez mais importante. Caracter\u00edsticas como adaptabilidade, multidisciplinaridade, criatividade e excelentes habilidades de comunica\u00e7\u00e3o s\u00e3o cruciais.<\/p>\n<p>O Profissional de R\u00e1dio e Televis\u00e3o nos Pr\u00f3ximos 10 Anos<br \/>\nNos pr\u00f3ximos 10 anos, espera-se que a faixa et\u00e1ria dos profissionais de r\u00e1dio e televis\u00e3o continue a ser diversificada, com uma presen\u00e7a crescente de jovens profissionais na faixa dos 20 aos 30 anos. A forma\u00e7\u00e3o acad\u00eamica continuar\u00e1 a ser importante, mas haver\u00e1 uma maior \u00eanfase em especializa\u00e7\u00f5es em \u00e1reas como intelig\u00eancia artificial, an\u00e1lise de dados, produ\u00e7\u00e3o de conte\u00fado digital e marketing digital. Cursos de curta dura\u00e7\u00e3o e certifica\u00e7\u00f5es em tecnologias emergentes se tornar\u00e3o cada vez mais relevantes.<br \/>\nAs compet\u00eancias exigidas ir\u00e3o evoluir significativamente. Habilidades em IA, automa\u00e7\u00e3o de processos, an\u00e1lise de big data e cria\u00e7\u00e3o de experi\u00eancias interativas ser\u00e3o cruciais. Al\u00e9m disso, a capacidade de integrar novas tecnologias, como realidade aumentada e virtual, na produ\u00e7\u00e3o de conte\u00fado ser\u00e1 altamente valorizada. Caracter\u00edsticas como conhecimento em tecnologia e inova\u00e7\u00e3o, habilidades avan\u00e7adas em an\u00e1lise de dados, capacidade de criar experi\u00eancias interativas e compromisso com a educa\u00e7\u00e3o cont\u00ednua ser\u00e3o essenciais.<\/p>\n<p>O Profissional de Vendas de R\u00e1dio e Televis\u00e3o Hoje<\/p>\n<p>Atualmente, os profissionais de vendas de r\u00e1dio e televis\u00e3o geralmente est\u00e3o na faixa dos 30 aos 50 anos. Eles possuem uma vasta experi\u00eancia no setor e um profundo entendimento das din\u00e2micas de mercado. A maioria possui forma\u00e7\u00e3o em Administra\u00e7\u00e3o, Marketing, Publicidade e Propaganda, ou \u00e1reas correlatas, complementada por cursos de vendas, negocia\u00e7\u00e3o e gest\u00e3o de clientes.<br \/>\nAs habilidades essenciais incluem a capacidade de construir e manter relacionamentos com clientes, habilidades de negocia\u00e7\u00e3o e uma compreens\u00e3o profunda do mercado de m\u00eddia. A capacidade de vender espa\u00e7os publicit\u00e1rios e patroc\u00ednios, tanto para r\u00e1dio quanto para televis\u00e3o, \u00e9 crucial. Caracter\u00edsticas como habilidade para desenvolver e manter relacionamentos duradouros, excelentes habilidades de negocia\u00e7\u00e3o e persuas\u00e3o, profundo entendimento do mercado de m\u00eddia e excelentes habilidades de comunica\u00e7\u00e3o s\u00e3o fundamentais.<\/p>\n<p>O Profissional de Vendas de R\u00e1dio e Televis\u00e3o nos Pr\u00f3ximos 10 Anos<\/p>\n<p>Nos pr\u00f3ximos 10 anos, a faixa et\u00e1ria dos profissionais de vendas deve se manter diversificada, com um aumento na presen\u00e7a de jovens profissionais na faixa dos 25 aos 35 anos, que trazem novas perspectivas e habilidades tecnol\u00f3gicas. A forma\u00e7\u00e3o acad\u00eamica em Administra\u00e7\u00e3o, Marketing e Publicidade continuar\u00e1 a ser importante, mas haver\u00e1 uma \u00eanfase crescente em especializa\u00e7\u00f5es em marketing digital, an\u00e1lise de dados e vendas de tecnologia. Certifica\u00e7\u00f5es em ferramentas de CRM (Customer Relationship Management) e automa\u00e7\u00e3o de marketing ser\u00e3o altamente valorizadas.<\/p>\n<p>As compet\u00eancias exigidas ir\u00e3o se expandir para incluir habilidades em an\u00e1lise de dados, uso de IA para prever tend\u00eancias de mercado e personalizar ofertas de vendas, e a capacidade de vender solu\u00e7\u00f5es integradas que combinam r\u00e1dio, televis\u00e3o e plataformas digitais. Caracter\u00edsticas como habilidades em tecnologia e dados, capacidade de personalizar ofertas de vendas com base em insights de dados, habilidade para desenvolver estrat\u00e9gias de vendas inovadoras que integrem m\u00faltiplas plataformas de m\u00eddia e capacidade de se adaptar rapidamente \u00e0s mudan\u00e7as nas prefer\u00eancias dos consumidores e nas tecnologias de mercado ser\u00e3o cruciais.<\/p>\n<p>O perfil dos profissionais de r\u00e1dio e televis\u00e3o, tanto na \u00e1rea de conte\u00fado quanto de vendas, est\u00e1 em constante evolu\u00e7\u00e3o. Hoje, a adaptabilidade, a multidisciplinaridade e a criatividade s\u00e3o essenciais. Nos pr\u00f3ximos 10 anos, a \u00eanfase ser\u00e1 ainda maior em tecnologias emergentes, an\u00e1lise de dados e inova\u00e7\u00e3o. Para os profissionais de vendas, a capacidade de integrar insights de dados e tecnologias de vendas avan\u00e7adas ser\u00e1 crucial. Aqueles que se adaptarem e evolu\u00edrem com essas mudan\u00e7as estar\u00e3o na vanguarda da ind\u00fastria, prontos para enfrentar os desafios e aproveitar as oportunidades que surgir\u00e3o.<\/p>\n<p>Por Marcos Ant\u00f4nio Silveira, advogado, consultor jur\u00eddico do SERT\/SC.<\/p>\n<p>Fontes: Revista Exame, Portal G1, Folha de S\u00e3o Paulo, e dados de mercado da Associa\u00e7\u00e3o Brasileira de Emissoras de R\u00e1dio e Televis\u00e3o (ABERT).<\/p>\n<p><img fetchpriority=\"high\" decoding=\"async\" class=\"wp-image-19834 aligncenter\" src=\"https:\/\/sertsc.org.br\/site\/wp-content\/uploads\/2024\/07\/site-5-300x200.png\" alt=\"\" width=\"531\" height=\"354\" srcset=\"https:\/\/sertsc.org.br\/site\/wp-content\/uploads\/2024\/07\/site-5-300x200.png 300w, https:\/\/sertsc.org.br\/site\/wp-content\/uploads\/2024\/07\/site-5-768x513.png 768w, https:\/\/sertsc.org.br\/site\/wp-content\/uploads\/2024\/07\/site-5.png 900w\" sizes=\"(max-width: 531px) 100vw, 531px\" \/><\/p>\n","protected":false},"excerpt":{"rendered":"<p>A ind\u00fastria de r\u00e1dio e televis\u00e3o no Brasil est\u00e1 passando&hellip;<\/p>\n<p> <a class=\"more-link\" href=\"https:\/\/sertsc.org.br\/site\/o-futuro-dos-profissionais-de-radio-e-televisao-no-brasil-hoje-e-nos-proximos-10-anos\/\">Leia mais<\/a><\/p>\n","protected":false},"author":2,"featured_media":19834,"comment_status":"open","ping_status":"open","sticky":false,"template":"","format":"standard","meta":{"footnotes":""},"categories":[36,33,3],"tags":[],"class_list":{"0":"post-19833","1":"post","2":"type-post","3":"status-publish","4":"format-standard","5":"has-post-thumbnail","7":"category-artigos","8":"category-destaques","9":"category-noticias"},"_links":{"self":[{"href":"https:\/\/sertsc.org.br\/site\/wp-json\/wp\/v2\/posts\/19833","targetHints":{"allow":["GET"]}}],"collection":[{"href":"https:\/\/sertsc.org.br\/site\/wp-json\/wp\/v2\/posts"}],"about":[{"href":"https:\/\/sertsc.org.br\/site\/wp-json\/wp\/v2\/types\/post"}],"author":[{"embeddable":true,"href":"https:\/\/sertsc.org.br\/site\/wp-json\/wp\/v2\/users\/2"}],"replies":[{"embeddable":true,"href":"https:\/\/sertsc.org.br\/site\/wp-json\/wp\/v2\/comments?post=19833"}],"version-history":[{"count":1,"href":"https:\/\/sertsc.org.br\/site\/wp-json\/wp\/v2\/posts\/19833\/revisions"}],"predecessor-version":[{"id":19835,"href":"https:\/\/sertsc.org.br\/site\/wp-json\/wp\/v2\/posts\/19833\/revisions\/19835"}],"wp:featuredmedia":[{"embeddable":true,"href":"https:\/\/sertsc.org.br\/site\/wp-json\/wp\/v2\/media\/19834"}],"wp:attachment":[{"href":"https:\/\/sertsc.org.br\/site\/wp-json\/wp\/v2\/media?parent=19833"}],"wp:term":[{"taxonomy":"category","embeddable":true,"href":"https:\/\/sertsc.org.br\/site\/wp-json\/wp\/v2\/categories?post=19833"},{"taxonomy":"post_tag","embeddable":true,"href":"https:\/\/sertsc.org.br\/site\/wp-json\/wp\/v2\/tags?post=19833"}],"curies":[{"name":"wp","href":"https:\/\/api.w.org\/{rel}","templated":true}]}}