{"id":19815,"date":"2024-07-09T11:17:40","date_gmt":"2024-07-09T14:17:40","guid":{"rendered":"https:\/\/sertsc.org.br\/site\/?p=19815"},"modified":"2024-07-09T12:59:13","modified_gmt":"2024-07-09T15:59:13","slug":"19815-2","status":"publish","type":"post","link":"https:\/\/sertsc.org.br\/site\/19815-2\/","title":{"rendered":"A Import\u00e2ncia da R\u00e1dio no Brasil: Audi\u00eancia, Regionalidades e Inova\u00e7\u00e3o Tecnol\u00f3gica"},"content":{"rendered":"<p>A r\u00e1dio FM continua a ser um meio de comunica\u00e7\u00e3o extremamente relevante no Brasil, mesmo com o avan\u00e7o das plataformas digitais de streaming e outras formas de m\u00eddia. A resili\u00eancia da r\u00e1dio \u00e9 evidente tanto no cen\u00e1rio global quanto no nacional, destacando-se como uma fonte crucial de informa\u00e7\u00e3o e entretenimento.<\/p>\n<p>De acordo com a Associa\u00e7\u00e3o Brasileira de Emissoras de R\u00e1dio e Televis\u00e3o (ABERT), aproximadamente 78% da popula\u00e7\u00e3o brasileira ouve r\u00e1dio semanalmente, o que representa cerca de 160 milh\u00f5es de pessoas. Esse n\u00famero impressionante reflete a import\u00e2ncia da r\u00e1dio no cotidiano dos brasileiros.<\/p>\n<p>Em m\u00e9dia, os ouvintes passam entre 1,5 a 2 horas por dia sintonizados em suas esta\u00e7\u00f5es favoritas ([ABERT](https:\/\/www.abert.org.br\/).<\/p>\n<p>A programa\u00e7\u00e3o diversificada, que inclui m\u00fasica, not\u00edcias, esportes e talk shows, \u00e9 um dos fatores que mant\u00e9m a r\u00e1dio relevante e atrativa para diferentes p\u00fablicos. A audi\u00eancia de r\u00e1dio \u00e9 alta em todas as regi\u00f5es do Brasil, mas merece destaque especial a regi\u00e3o Sul, particularmente o estado de Santa Catarina. A diversidade<br \/>\ncultural e a forte presen\u00e7a de r\u00e1dios locais contribuem para uma audi\u00eancia fiel e engajada. Em Santa Catarina, as r\u00e1dios desempenham um papel vital na dissemina\u00e7\u00e3o de informa\u00e7\u00f5es locais, not\u00edcias, m\u00fasica e entretenimento, conectando comunidades e fortalecendo a identidade regional. As r\u00e1dios locais s\u00e3o especialmente importantes em \u00e1reas rurais e comunidades menores, onde muitas vezes s\u00e3o a principal fonte de informa\u00e7\u00e3o e comunica\u00e7\u00e3o.<\/p>\n<p>Uma diferen\u00e7a not\u00e1vel entre o mercado brasileiro e o europeu \u00e9 a integra\u00e7\u00e3o com plataformas digitais. Na Europa, muitas esta\u00e7\u00f5es de r\u00e1dio FM t\u00eam investido significativamente em suas presen\u00e7as online, oferecendo streaming ao vivo, podcasts e aplicativos m\u00f3veis. Esse movimento tem ajudado a manter e at\u00e9 aumentar a audi\u00eancia, especialmente entre os jovens<br \/>\n([EBU](https:\/\/www.ebu.ch\/)).<\/p>\n<p>Em pa\u00edses como Alemanha, Fran\u00e7a e Reino Unido, cerca de 85% da popula\u00e7\u00e3o ainda escuta r\u00e1dio semanalmente, com uma m\u00e9dia de 2 a 3 horas di\u00e1rias. A programa\u00e7\u00e3o diversificada e a forte presen\u00e7a de r\u00e1dios locais contribuem para<br \/>\nessa alta taxa de audi\u00eancia. A digitaliza\u00e7\u00e3o das r\u00e1dios europeias tamb\u00e9m tem permitido uma maior intera\u00e7\u00e3o com os ouvintes, atrav\u00e9s de redes sociais e plataformas de feedback em tempo real.<\/p>\n<p>No Brasil, embora haja um crescimento na digitaliza\u00e7\u00e3o das r\u00e1dios, o processo \u00e9 mais lento e enfrenta desafios como a infraestrutura de internet e a adapta\u00e7\u00e3o tecnol\u00f3gica das emissoras. No entanto, a tend\u00eancia \u00e9 clara: a r\u00e1dio brasileira est\u00e1 se modernizando e buscando novas formas de engajar seu p\u00fablico atrav\u00e9s das plataformas digitais. A digitaliza\u00e7\u00e3o das r\u00e1dios no Brasil inclui a oferta de streaming ao vivo, podcasts e a utiliza\u00e7\u00e3o de redes sociais para interagir com os ouvintes. Esse movimento \u00e9 essencial para atrair um p\u00fablico mais jovem e acostumado com o consumo de m\u00eddia digital.<\/p>\n<p>Para acompanhar essa transforma\u00e7\u00e3o digital, \u00e9 crucial o desenvolvimento de profissionais qualificados que saibam utilizar ferramentas digitais, redes sociais e intelig\u00eancia artificial (IA). A capacita\u00e7\u00e3o desses profissionais \u00e9 essencial para que as r\u00e1dios possam explorar todo o potencial das novas tecnologias, oferecendo conte\u00fados mais interativos e personalizados. A forma\u00e7\u00e3o de profissionais em \u00e1reas como marketing digital, an\u00e1lise de dados e produ\u00e7\u00e3o de conte\u00fado multim\u00eddia \u00e9 fundamental para o futuro das r\u00e1dios. Al\u00e9m disso, a integra\u00e7\u00e3o de IA pode ajudar na personaliza\u00e7\u00e3o de conte\u00fados e na automa\u00e7\u00e3o de processos,<br \/>\ntornando as opera\u00e7\u00f5es mais eficientes.<\/p>\n<p>A r\u00e1dio FM continua a ser um meio de comunica\u00e7\u00e3o relevante e adapt\u00e1vel, capaz de se reinventar frente \u00e0s novas tecnologias e h\u00e1bitos de consumo. Em termos de faturamento, as r\u00e1dios europeias tendem a ter uma maior diversifica\u00e7\u00e3o de receitas, incluindo publicidade digital e parcerias com plataformas de streaming.<\/p>\n<p>No Brasil, a maior parte do faturamento ainda vem da publicidade tradicional, embora haja um crescente interesse em explorar novas fontes de receita digital ([ABERT](https:\/\/www.abert.org.br\/). A diversifica\u00e7\u00e3o de receitas \u00e9 um passo importante para a sustentabilidade financeira das r\u00e1dios, permitindo investimentos em novas tecnologias e conte\u00fado de qualidade.<\/p>\n<p>A r\u00e1dio no Brasil, especialmente em regi\u00f5es como Santa Catarina, desempenha um papel fundamental na vida das pessoas, oferecendo uma mistura \u00fanica de informa\u00e7\u00e3o, cultura e entretenimento. Com a integra\u00e7\u00e3o de novas tecnologias e o desenvolvimento de profissionais qualificados, a r\u00e1dio tem tudo para continuar sendo um meio de comunica\u00e7\u00e3o relevante e inovador.<\/p>\n<p>A r\u00e1dio, com sua capacidade de adapta\u00e7\u00e3o e inova\u00e7\u00e3o, continua a ser uma pe\u00e7achave no cen\u00e1rio midi\u00e1tico brasileiro, conectando pessoas e comunidades de maneira \u00fanica e eficaz.<\/p>\n<p>Fontes: Associa\u00e7\u00e3o Brasileira de Emissoras de R\u00e1dio e Televis\u00e3o (ABERT):<br \/>\n[ABERT](https:\/\/www.abert.org.br\/) e European Broadcasting Union (EBU):<br \/>\n[EBU](https:\/\/www.ebu.ch\/)<\/p>\n<p>Por Marcos Ant\u00f4nio Silveira \u2013 Advogado, Assessor Jur\u00eddico do Sindicato Patronal de R\u00e1dio e Televis\u00e3o do Estado de Santa Catarina. Coordenador Jur\u00eddico da Faculdade de Tecnologia AERO TD.<\/p>\n<p><img fetchpriority=\"high\" decoding=\"async\" class=\"wp-image-19816 aligncenter\" src=\"https:\/\/sertsc.org.br\/site\/wp-content\/uploads\/2024\/07\/site-2-300x200.png\" alt=\"\" width=\"488\" height=\"325\" srcset=\"https:\/\/sertsc.org.br\/site\/wp-content\/uploads\/2024\/07\/site-2-300x200.png 300w, https:\/\/sertsc.org.br\/site\/wp-content\/uploads\/2024\/07\/site-2-768x513.png 768w, https:\/\/sertsc.org.br\/site\/wp-content\/uploads\/2024\/07\/site-2.png 900w\" sizes=\"(max-width: 488px) 100vw, 488px\" \/><\/p>\n","protected":false},"excerpt":{"rendered":"<p>A r\u00e1dio FM continua a ser um meio de comunica\u00e7\u00e3o&hellip;<\/p>\n<p> <a class=\"more-link\" href=\"https:\/\/sertsc.org.br\/site\/19815-2\/\">Leia mais<\/a><\/p>\n","protected":false},"author":2,"featured_media":19816,"comment_status":"open","ping_status":"open","sticky":false,"template":"","format":"standard","meta":{"footnotes":""},"categories":[36,33,3],"tags":[],"class_list":{"0":"post-19815","1":"post","2":"type-post","3":"status-publish","4":"format-standard","5":"has-post-thumbnail","7":"category-artigos","8":"category-destaques","9":"category-noticias"},"_links":{"self":[{"href":"https:\/\/sertsc.org.br\/site\/wp-json\/wp\/v2\/posts\/19815","targetHints":{"allow":["GET"]}}],"collection":[{"href":"https:\/\/sertsc.org.br\/site\/wp-json\/wp\/v2\/posts"}],"about":[{"href":"https:\/\/sertsc.org.br\/site\/wp-json\/wp\/v2\/types\/post"}],"author":[{"embeddable":true,"href":"https:\/\/sertsc.org.br\/site\/wp-json\/wp\/v2\/users\/2"}],"replies":[{"embeddable":true,"href":"https:\/\/sertsc.org.br\/site\/wp-json\/wp\/v2\/comments?post=19815"}],"version-history":[{"count":2,"href":"https:\/\/sertsc.org.br\/site\/wp-json\/wp\/v2\/posts\/19815\/revisions"}],"predecessor-version":[{"id":19818,"href":"https:\/\/sertsc.org.br\/site\/wp-json\/wp\/v2\/posts\/19815\/revisions\/19818"}],"wp:featuredmedia":[{"embeddable":true,"href":"https:\/\/sertsc.org.br\/site\/wp-json\/wp\/v2\/media\/19816"}],"wp:attachment":[{"href":"https:\/\/sertsc.org.br\/site\/wp-json\/wp\/v2\/media?parent=19815"}],"wp:term":[{"taxonomy":"category","embeddable":true,"href":"https:\/\/sertsc.org.br\/site\/wp-json\/wp\/v2\/categories?post=19815"},{"taxonomy":"post_tag","embeddable":true,"href":"https:\/\/sertsc.org.br\/site\/wp-json\/wp\/v2\/tags?post=19815"}],"curies":[{"name":"wp","href":"https:\/\/api.w.org\/{rel}","templated":true}]}}