{"id":19799,"date":"2024-06-27T11:18:08","date_gmt":"2024-06-27T14:18:08","guid":{"rendered":"https:\/\/sertsc.org.br\/site\/?p=19799"},"modified":"2024-06-27T11:18:08","modified_gmt":"2024-06-27T14:18:08","slug":"tv-3-0-deve-ser-iniciada-com-10-a-14-canais-estima-anatel","status":"publish","type":"post","link":"https:\/\/sertsc.org.br\/site\/tv-3-0-deve-ser-iniciada-com-10-a-14-canais-estima-anatel\/","title":{"rendered":"TV 3.0 deve ser iniciada com 10 a 14 canais, estima Anatel"},"content":{"rendered":"<p>O Gerente de Espectro, \u00d3rbita e Radiodifus\u00e3o da Ag\u00eancia Nacional de Telecomunica\u00e7\u00f5es, Rodrigo Gebrim, afirmou nesta ter\u00e7a-feira, 25, que a \u00e1rea t\u00e9cnica deve encaminhar ao Conselho de Diretor da Anatel a proposta para uso do espectro para a TV 3.0 at\u00e9 o final de julho deste ano. A an\u00e1lise deve indicar a capacidade inicial de canais.<\/p>\n<p>\u201cA expectativa \u00e9 a de que n\u00f3s tenhamos de 10 a 14 canais para TV 3.0 na faixa entre 216 a 400 MHz\u201d, afirmou Gebrim, durante o Workshop de Espectro, realizado na sede da Anatel nesta tarde.<\/p>\n<p>Segundo Gebrim, a varia\u00e7\u00e3o no n\u00famero se d\u00e1 em decorr\u00eancia do processo de desocupa\u00e7\u00e3o, j\u00e1 que parte da faixa \u00e9 atualmente destinada para fins exclusivamente militares. \u201cN\u00f3s estamos conversando com os diversos players para tentar fazer um remanejamento de maneira a atender melhor o pleito do setor\u201d, afirmou o gerente.<\/p>\n<p>O n\u00famero de canais aumentar\u00e1 com o tempo a partir da migra\u00e7\u00e3o da tecnologia.<\/p>\n<p>Ainda de acordo com Gebrim, considera-se a possibilidade de se utilizar, especificamente, a faixa de 300 MHz para a TV 3.0, como confirmado mais cedo pelo superintendente de Outorgas e Recursos \u00e0 Presta\u00e7\u00e3o, Vin\u00edcius Caram.<\/p>\n<p>As principais diretrizes da pol\u00edtica p\u00fablica para a TV 3.0 foram definidas em decreto publicado no ano passado. Entre os pontos que ainda precisam ser definidos est\u00e1 se o processo de migra\u00e7\u00e3o ser\u00e1 feito de forma mandat\u00f3ria ou opcional.<\/p>\n<p>Tamb\u00e9m presente no Workshop, o secret\u00e1rio de Radiodifus\u00e3o do Minist\u00e9rio das Comunica\u00e7\u00f5es (MCom), Wilson Wellisch, afirmou que a fase de discuss\u00e3o atual ainda est\u00e1 focando na tecnologia a ser utilizada \u2013 ATSC 3.0 (EUA) ou ISBD-T Avan\u00e7ado (Jap\u00e3o). Ainda ser\u00e3o analisados os resultados dos testes que est\u00e3o sendo realizados pelo F\u00f3rum do Sistema Brasileiro de TV Digital (SBTVD).<\/p>\n<p>Wellisch ressalta que as avalia\u00e7\u00f5es em curso envolvem a efici\u00eancia espectral, ou seja, como o sistema vai se comportar em termos de ocupa\u00e7\u00e3o do espectro, para depois discutir como implementar um simulcast (disponibiliza\u00e7\u00e3o de canal de uma mesma emissora em tecnologias diferentes, simultaneamente).<\/p>\n<p>\u201cO que a gente espera para o sistema de TV 3.0 \u00e9 que, a medida que as redes de TV 3.0 entram em opera\u00e7\u00e3o, a gente consiga manter a TV digital como \u00e9 hoje por um tempo, fazendo simulcast. Ent\u00e3o, muito por conta disso, e da necessidade de espectro, uma das possibilidades \u00e9 fazer uma entrada na TV 3.0 ainda de forma volunt\u00e1ria\u201d, explica.<\/p>\n<p><img fetchpriority=\"high\" decoding=\"async\" class=\"wp-image-19800 aligncenter\" src=\"https:\/\/sertsc.org.br\/site\/wp-content\/uploads\/2024\/06\/site-2-300x200.png\" alt=\"\" width=\"492\" height=\"328\" srcset=\"https:\/\/sertsc.org.br\/site\/wp-content\/uploads\/2024\/06\/site-2-300x200.png 300w, https:\/\/sertsc.org.br\/site\/wp-content\/uploads\/2024\/06\/site-2-768x513.png 768w, https:\/\/sertsc.org.br\/site\/wp-content\/uploads\/2024\/06\/site-2.png 900w\" sizes=\"(max-width: 492px) 100vw, 492px\" \/><\/p>\n<p>Fonte: Tele.S\u00edntese<\/p>\n","protected":false},"excerpt":{"rendered":"<p>O Gerente de Espectro, \u00d3rbita e Radiodifus\u00e3o da Ag\u00eancia Nacional&hellip;<\/p>\n<p> <a class=\"more-link\" href=\"https:\/\/sertsc.org.br\/site\/tv-3-0-deve-ser-iniciada-com-10-a-14-canais-estima-anatel\/\">Leia mais<\/a><\/p>\n","protected":false},"author":2,"featured_media":19800,"comment_status":"open","ping_status":"open","sticky":false,"template":"","format":"standard","meta":{"footnotes":""},"categories":[33,3],"tags":[],"class_list":{"0":"post-19799","1":"post","2":"type-post","3":"status-publish","4":"format-standard","5":"has-post-thumbnail","7":"category-destaques","8":"category-noticias"},"_links":{"self":[{"href":"https:\/\/sertsc.org.br\/site\/wp-json\/wp\/v2\/posts\/19799","targetHints":{"allow":["GET"]}}],"collection":[{"href":"https:\/\/sertsc.org.br\/site\/wp-json\/wp\/v2\/posts"}],"about":[{"href":"https:\/\/sertsc.org.br\/site\/wp-json\/wp\/v2\/types\/post"}],"author":[{"embeddable":true,"href":"https:\/\/sertsc.org.br\/site\/wp-json\/wp\/v2\/users\/2"}],"replies":[{"embeddable":true,"href":"https:\/\/sertsc.org.br\/site\/wp-json\/wp\/v2\/comments?post=19799"}],"version-history":[{"count":1,"href":"https:\/\/sertsc.org.br\/site\/wp-json\/wp\/v2\/posts\/19799\/revisions"}],"predecessor-version":[{"id":19801,"href":"https:\/\/sertsc.org.br\/site\/wp-json\/wp\/v2\/posts\/19799\/revisions\/19801"}],"wp:featuredmedia":[{"embeddable":true,"href":"https:\/\/sertsc.org.br\/site\/wp-json\/wp\/v2\/media\/19800"}],"wp:attachment":[{"href":"https:\/\/sertsc.org.br\/site\/wp-json\/wp\/v2\/media?parent=19799"}],"wp:term":[{"taxonomy":"category","embeddable":true,"href":"https:\/\/sertsc.org.br\/site\/wp-json\/wp\/v2\/categories?post=19799"},{"taxonomy":"post_tag","embeddable":true,"href":"https:\/\/sertsc.org.br\/site\/wp-json\/wp\/v2\/tags?post=19799"}],"curies":[{"name":"wp","href":"https:\/\/api.w.org\/{rel}","templated":true}]}}