{"id":19793,"date":"2024-06-24T16:04:21","date_gmt":"2024-06-24T19:04:21","guid":{"rendered":"https:\/\/sertsc.org.br\/site\/?p=19793"},"modified":"2024-06-24T16:04:21","modified_gmt":"2024-06-24T19:04:21","slug":"ministerio-das-comunicacoes-divulga-extratos-de-termos-aditivos-para-migracao-am-fm-para-cinco-estados","status":"publish","type":"post","link":"https:\/\/sertsc.org.br\/site\/ministerio-das-comunicacoes-divulga-extratos-de-termos-aditivos-para-migracao-am-fm-para-cinco-estados\/","title":{"rendered":"Minist\u00e9rio das Comunica\u00e7\u00f5es divulga extratos de termos aditivos para migra\u00e7\u00e3o AM-FM para cinco estados"},"content":{"rendered":"<p>O Minist\u00e9rio das Comunica\u00e7\u00f5es (MCom) anunciou a divulga\u00e7\u00e3o dos extratos dos termos aditivos referentes \u00e0 migra\u00e7\u00e3o de r\u00e1dios AM para a faixa FM. Segundo o levantamento, foram sete emissoras em sete estados que foram beneficiados. O estado de S\u00e3o Paulo teve tr\u00eas cidades beneficiadas. Aracaju (SE) foi a \u00fanica capital que foi beneficiada nesse lote.<\/p>\n<p>Em S\u00e3o Paulo, v\u00e1rias emissoras completaram suas migra\u00e7\u00f5es. Em S\u00e3o Jos\u00e9 dos Campos (SP), a tradicional R\u00e1dio Clube, que operava na frequ\u00eancia 1120 AM, agora teve autoriza\u00e7\u00e3o para operar em 80.5 FM na classe A3, ampliando seu p\u00fablico e melhorando a qualidade sonora. Em S\u00e3o Jos\u00e9 do Rio Preto (SP), a R\u00e1dio Novo Tempo AM 1290 vai operar em 83.3 FM classe A4. J\u00e1 em Jundia\u00ed (SP), a R\u00e1dio Cidade migrou da frequ\u00eancia 730 AM para 81.7 FM, classe A1, consolidando-se como uma importante emissora na nova faixa.<\/p>\n<p>No Rio de Janeiro, a R\u00e1dio Jornal AM 1340 de Rio Bonito deu um importante passo ao migrar para 90.7 FM, classe A4. O estado de Sergipe tamb\u00e9m acompanha essa tend\u00eancia. Em Aracaju, a R\u00e1dio Aperip\u00ea, que transmite na frequ\u00eancia 630 AM, agora vai operar em 101.1 FM, classe A1.<\/p>\n<p>Santa Catarina, a R\u00e1dio S\u00e3o Francisco AM 870 de S\u00e3o Francisco do Sul teve autoriza\u00e7\u00e3o para FM 98.5, classe A4. Em Goi\u00e1s, a Rede Brasil Norte de Comunica\u00e7\u00e3o LTDA iniciou suas opera\u00e7\u00f5es diretamente na frequ\u00eancia 88.5 FM, classe C, em Posse (GO). Apesar de nunca ter operado em AM, a emissora j\u00e1 se estabelece na nova faixa, acompanhando a moderniza\u00e7\u00e3o do setor.<\/p>\n<p>S\u00e3o Paulo<\/p>\n<p>S\u00e3o Jos\u00e9 dos Campos<br \/>\nR\u00e1dio Clube AM 1120 para FMe 80.5 &#8211; Classe A3<\/p>\n<p>S\u00e3o Jos\u00e9 do Rio Preto<br \/>\nR\u00e1dio Novo Tempo AM 1290 para FMe 83.3 &#8211; Classe A4<\/p>\n<p>Jundia\u00ed<br \/>\nR\u00e1dio Cidade AM 730 para FMe 81.7 &#8211; Classe A1<\/p>\n<p>-Rio de Janeiro<\/p>\n<p>Rio Bonito<br \/>\nR\u00e1dio Jornal AM 1340 para FM 90.7 &#8211; Classe A4<\/p>\n<p>-Sergipe<\/p>\n<p>Aracaju<br \/>\nR\u00e1dio Aperip\u00ea AM 630 para FM 101.1 &#8211; Classe A1<\/p>\n<p>-Santa Catarina<\/p>\n<p>S\u00e3o Francisco do Sul<br \/>\nR\u00e1dio S\u00e3o Francisco AM 870 para FM 98.5 &#8211; Classe A4<\/p>\n<p>-Goi\u00e1s<\/p>\n<p>Posse<br \/>\nRede Brasil Norte de Comunica\u00e7\u00e3o LTDA (nunca operou em AM)<br \/>\nAM 1510 para FM 88.5 &#8211; Classe C<\/p>\n<p><img fetchpriority=\"high\" decoding=\"async\" class=\"wp-image-19739 aligncenter\" src=\"https:\/\/sertsc.org.br\/site\/wp-content\/uploads\/2024\/04\/site-2-1-300x200.png\" alt=\"\" width=\"495\" height=\"330\" srcset=\"https:\/\/sertsc.org.br\/site\/wp-content\/uploads\/2024\/04\/site-2-1-300x200.png 300w, https:\/\/sertsc.org.br\/site\/wp-content\/uploads\/2024\/04\/site-2-1-768x513.png 768w, https:\/\/sertsc.org.br\/site\/wp-content\/uploads\/2024\/04\/site-2-1.png 900w\" sizes=\"(max-width: 495px) 100vw, 495px\" \/><\/p>\n<p>Com informa\u00e7\u00f5es de Tudo R\u00e1dio, Minist\u00e9rio das Comunica\u00e7\u00f5es e colabora\u00e7\u00e3o de Pedro Santana.<\/p>\n","protected":false},"excerpt":{"rendered":"<p>O Minist\u00e9rio das Comunica\u00e7\u00f5es (MCom) anunciou a divulga\u00e7\u00e3o dos extratos&hellip;<\/p>\n<p> <a class=\"more-link\" href=\"https:\/\/sertsc.org.br\/site\/ministerio-das-comunicacoes-divulga-extratos-de-termos-aditivos-para-migracao-am-fm-para-cinco-estados\/\">Leia mais<\/a><\/p>\n","protected":false},"author":2,"featured_media":19739,"comment_status":"open","ping_status":"open","sticky":false,"template":"","format":"standard","meta":{"footnotes":""},"categories":[33,3],"tags":[],"class_list":{"0":"post-19793","1":"post","2":"type-post","3":"status-publish","4":"format-standard","5":"has-post-thumbnail","7":"category-destaques","8":"category-noticias"},"_links":{"self":[{"href":"https:\/\/sertsc.org.br\/site\/wp-json\/wp\/v2\/posts\/19793","targetHints":{"allow":["GET"]}}],"collection":[{"href":"https:\/\/sertsc.org.br\/site\/wp-json\/wp\/v2\/posts"}],"about":[{"href":"https:\/\/sertsc.org.br\/site\/wp-json\/wp\/v2\/types\/post"}],"author":[{"embeddable":true,"href":"https:\/\/sertsc.org.br\/site\/wp-json\/wp\/v2\/users\/2"}],"replies":[{"embeddable":true,"href":"https:\/\/sertsc.org.br\/site\/wp-json\/wp\/v2\/comments?post=19793"}],"version-history":[{"count":1,"href":"https:\/\/sertsc.org.br\/site\/wp-json\/wp\/v2\/posts\/19793\/revisions"}],"predecessor-version":[{"id":19794,"href":"https:\/\/sertsc.org.br\/site\/wp-json\/wp\/v2\/posts\/19793\/revisions\/19794"}],"wp:featuredmedia":[{"embeddable":true,"href":"https:\/\/sertsc.org.br\/site\/wp-json\/wp\/v2\/media\/19739"}],"wp:attachment":[{"href":"https:\/\/sertsc.org.br\/site\/wp-json\/wp\/v2\/media?parent=19793"}],"wp:term":[{"taxonomy":"category","embeddable":true,"href":"https:\/\/sertsc.org.br\/site\/wp-json\/wp\/v2\/categories?post=19793"},{"taxonomy":"post_tag","embeddable":true,"href":"https:\/\/sertsc.org.br\/site\/wp-json\/wp\/v2\/tags?post=19793"}],"curies":[{"name":"wp","href":"https:\/\/api.w.org\/{rel}","templated":true}]}}