{"id":19783,"date":"2024-06-17T16:28:02","date_gmt":"2024-06-17T19:28:02","guid":{"rendered":"https:\/\/sertsc.org.br\/site\/?p=19783"},"modified":"2024-06-17T16:28:02","modified_gmt":"2024-06-17T19:28:02","slug":"calendario-eleitoral-tem-datas-importantes-para-a-radiodifusao","status":"publish","type":"post","link":"https:\/\/sertsc.org.br\/site\/calendario-eleitoral-tem-datas-importantes-para-a-radiodifusao\/","title":{"rendered":"Calend\u00e1rio eleitoral tem datas importantes para a radiodifus\u00e3o"},"content":{"rendered":"<p>A ABERT elaborou um calend\u00e1rio das Elei\u00e7\u00f5es de 2024 para orientar as emissoras de r\u00e1dio e TV sobre as datas que trazem obriga\u00e7\u00f5es e veda\u00e7\u00f5es impostas pela legisla\u00e7\u00e3o eleitoral\u00a0<a href=\"https:\/\/www.abert.org.br\/link\/impressa\/abert_calend.pdf\" target=\"_blank\" rel=\"noopener\">(AQUI).<\/a><\/p>\n<p>A primeira data de aten\u00e7\u00e3o \u00e9 o dia 30 de junho, quando os apresentadores ou comentaristas que s\u00e3o pr\u00e9-candidatos \u00e0s elei\u00e7\u00f5es deste ano devem ser afastados das fun\u00e7\u00f5es.<\/p>\n<p>Vale lembrar que a escolha definitiva dos candidatos a prefeito, vice-prefeito e vereador somente ocorre entre os dias 20 de julho e 5 de agosto, durante as conven\u00e7\u00f5es partid\u00e1rias. Para que os apresentadores e comentaristas possam ser escolhidos pelos partidos nas conven\u00e7\u00f5es, o afastamento do programa deve ter acontecido at\u00e9 o dia 30 de junho.<\/p>\n<p>O presidente da ABERT, Fl\u00e1vio Lara Resende, alerta sobre a necessidade de observar rigorosamente as datas do calend\u00e1rio eleitoral: \u201cas restri\u00e7\u00f5es t\u00eam o intuito de evitar abusos na programa\u00e7\u00e3o que possam gerar desequil\u00edbrio no pleito eleitoral. As emissoras ficam sujeitas a elevadas multas e, at\u00e9 mesmo, suspens\u00e3o da programa\u00e7\u00e3o\u201d.<\/p>\n<p>Nos pr\u00f3ximos dias, a ABERT disponibilizar\u00e1 uma Cartilha Eleitoral com todas as orienta\u00e7\u00f5es necess\u00e1rias para as emissoras observarem durante as Elei\u00e7\u00f5es 2024.<\/p>\n<p><img fetchpriority=\"high\" decoding=\"async\" class=\"wp-image-19784 aligncenter\" src=\"https:\/\/sertsc.org.br\/site\/wp-content\/uploads\/2024\/06\/site-300x200.png\" alt=\"\" width=\"480\" height=\"320\" srcset=\"https:\/\/sertsc.org.br\/site\/wp-content\/uploads\/2024\/06\/site-300x200.png 300w, https:\/\/sertsc.org.br\/site\/wp-content\/uploads\/2024\/06\/site-768x513.png 768w, https:\/\/sertsc.org.br\/site\/wp-content\/uploads\/2024\/06\/site.png 900w\" sizes=\"(max-width: 480px) 100vw, 480px\" \/><\/p>\n<p>Fonte: ABERT<\/p>\n","protected":false},"excerpt":{"rendered":"<p>A ABERT elaborou um calend\u00e1rio das Elei\u00e7\u00f5es de 2024 para&hellip;<\/p>\n<p> <a class=\"more-link\" href=\"https:\/\/sertsc.org.br\/site\/calendario-eleitoral-tem-datas-importantes-para-a-radiodifusao\/\">Leia mais<\/a><\/p>\n","protected":false},"author":2,"featured_media":19784,"comment_status":"open","ping_status":"open","sticky":false,"template":"","format":"standard","meta":{"footnotes":""},"categories":[33,3],"tags":[],"class_list":{"0":"post-19783","1":"post","2":"type-post","3":"status-publish","4":"format-standard","5":"has-post-thumbnail","7":"category-destaques","8":"category-noticias"},"_links":{"self":[{"href":"https:\/\/sertsc.org.br\/site\/wp-json\/wp\/v2\/posts\/19783","targetHints":{"allow":["GET"]}}],"collection":[{"href":"https:\/\/sertsc.org.br\/site\/wp-json\/wp\/v2\/posts"}],"about":[{"href":"https:\/\/sertsc.org.br\/site\/wp-json\/wp\/v2\/types\/post"}],"author":[{"embeddable":true,"href":"https:\/\/sertsc.org.br\/site\/wp-json\/wp\/v2\/users\/2"}],"replies":[{"embeddable":true,"href":"https:\/\/sertsc.org.br\/site\/wp-json\/wp\/v2\/comments?post=19783"}],"version-history":[{"count":1,"href":"https:\/\/sertsc.org.br\/site\/wp-json\/wp\/v2\/posts\/19783\/revisions"}],"predecessor-version":[{"id":19785,"href":"https:\/\/sertsc.org.br\/site\/wp-json\/wp\/v2\/posts\/19783\/revisions\/19785"}],"wp:featuredmedia":[{"embeddable":true,"href":"https:\/\/sertsc.org.br\/site\/wp-json\/wp\/v2\/media\/19784"}],"wp:attachment":[{"href":"https:\/\/sertsc.org.br\/site\/wp-json\/wp\/v2\/media?parent=19783"}],"wp:term":[{"taxonomy":"category","embeddable":true,"href":"https:\/\/sertsc.org.br\/site\/wp-json\/wp\/v2\/categories?post=19783"},{"taxonomy":"post_tag","embeddable":true,"href":"https:\/\/sertsc.org.br\/site\/wp-json\/wp\/v2\/tags?post=19783"}],"curies":[{"name":"wp","href":"https:\/\/api.w.org\/{rel}","templated":true}]}}