{"id":19780,"date":"2024-06-12T16:58:11","date_gmt":"2024-06-12T19:58:11","guid":{"rendered":"https:\/\/sertsc.org.br\/site\/?p=19780"},"modified":"2024-06-12T16:58:49","modified_gmt":"2024-06-12T19:58:49","slug":"audio-e-consumido-por-97-da-populacao-da-franca-radio-lidera-com-folga-nesse-formato-de-midia","status":"publish","type":"post","link":"https:\/\/sertsc.org.br\/site\/audio-e-consumido-por-97-da-populacao-da-franca-radio-lidera-com-folga-nesse-formato-de-midia\/","title":{"rendered":"\u00c1udio \u00e9 consumido por 97% da popula\u00e7\u00e3o da Fran\u00e7a; R\u00e1dio lidera com folga nesse formato de m\u00eddia"},"content":{"rendered":"<p>O \u00e1udio est\u00e1 bem enraizado na popula\u00e7\u00e3o francesa. \u00c9 o que revela uma pesquisa da M\u00e9diam\u00e9trie, que estuda o consumo de m\u00eddia no pa\u00eds europeu. Oito em cada dez pessoas consomem algum conte\u00fado de \u00e1udio pelo menos uma vez por m\u00eas e, no consumo di\u00e1rio, o formato alcan\u00e7a 84% da popula\u00e7\u00e3o francesa, ou seja, 43 milh\u00f5es de pessoas. E o r\u00e1dio \u00e9 o l\u00edder em consumo nesse tipo de m\u00eddia, representando 56% do volume de \u00e1udio ouvido por dia, sendo 51% ao vivo e 5% em podcasts (reprise e nativos).<\/p>\n<p>Os n\u00fameros do r\u00e1dio s\u00e3o ainda mais expressivos quando s\u00e3o consideradas apenas as ofertas gratuitas nesse tipo de formato de m\u00eddia, representando quase tr\u00eas quartos (72%) do volume de \u00e1udio di\u00e1rio e 77% do consumo em carros, de acordo com a pesquisa Global Audio, da M\u00e9diam\u00e9trie, que mapeou o consumo desse tipo de m\u00eddia entre os franceses.<\/p>\n<p>\u00e1 sobre o consumo exclusivo de r\u00e1dio na Fran\u00e7a, 38,7 milh\u00f5es de pessoas ouvem o meio diariamente, com 9,7 milh\u00f5es de pessoas ouvindo atrav\u00e9s de dispositivos digitais, o que representa 17,2% da popula\u00e7\u00e3o francesa. A M\u00e9diam\u00e9trie destaca que houve um aumento de 357 mil ouvintes digitais em apenas um ano.<\/p>\n<p>Diariamente, 5,9 milh\u00f5es de ouvintes utilizam smartphones para escutar conte\u00fado de r\u00e1dio, seguido de 1,5 milh\u00e3o de ouvintes recorrendo as smarts speakers e 1,4 milh\u00e3o em computadores, isso para detalhar o universo de escuta via streaming de r\u00e1dio.<\/p>\n<p>Hoje, 77,3% do total do consumo de r\u00e1dio est\u00e1 via ondas terrestres (o que inclui AM\/FM anal\u00f3gicos e DAB+, que \u00e9 o r\u00e1dio digital terrestre, este que est\u00e1 em expans\u00e3o). J\u00e1 22,7% est\u00e1 concentrado via streaming e outros formatos on-line de consumo. Para se ter uma ideia sobre a mudan\u00e7a nos h\u00e1bitos de como se consome r\u00e1dio, a transmiss\u00e3o terrestre representava 80,1% do total em 2023, enquanto o streaming\/digital detinha 19,9%.<\/p>\n<p>Mais sobre o \u00e1udio digital<\/p>\n<p>As ofertas digitais de \u00e1udio, incluindo r\u00e1dios online, podcasts nativos, streaming musical e audiolivros, continuam a crescer, representando 56% do consumo di\u00e1rio de \u00e1udio em 2024, comparado a 54% em 2023. Cerca de 41 milh\u00f5es de franceses entre 15 e 80 anos (81%) consomem \u00e1udio digital mensalmente, um aumento de 4% em um ano, e aproximadamente 28 milh\u00f5es o fazem diariamente.<\/p>\n<p>Esse crescimento \u00e9 impulsionado pelos smartphones, que em 2024 representam 29% do tempo de escuta de \u00e1udio, um aumento de 2 pontos percentuais. Entre os jovens de 15 a 24 anos, 85% do volume di\u00e1rio de \u00e1udio \u00e9 digital, com o streaming musical liderando as prefer\u00eancias ao longo do dia. J\u00e1 o consumo de \u00e1udio off-line, que inclui o r\u00e1dio FM anal\u00f3gico, representa 44% do total.<\/p>\n<p>\u201cO \u00e1udio se tornou essencial na vida dos franceses, dispon\u00edvel em diversos dispositivos. Os h\u00e1bitos variam conforme a idade, com jovens preferindo ouvir em casa e com fones, enquanto os adultos de 25-49 anos optam por ouvir no carro e sem fones\u201d, afirma C\u00e9cile Bertrand, Diretora de Estudos e Marketing de Produtos da M\u00e9diam\u00e9trie.<\/p>\n<p>A pesquisa foi realizada online (CAWI) entre fevereiro e mar\u00e7o de 2024, com uma amostra de 4.015 indiv\u00edduos, representando a popula\u00e7\u00e3o francesa de 15 a 80 anos.<\/p>\n<p>&nbsp;<\/p>\n<p>Fonte: Tudo R\u00e1dio e M\u00e9diam\u00e9trie.<\/p>\n","protected":false},"excerpt":{"rendered":"<p>O \u00e1udio est\u00e1 bem enraizado na popula\u00e7\u00e3o francesa. \u00c9 o&hellip;<\/p>\n<p> <a class=\"more-link\" href=\"https:\/\/sertsc.org.br\/site\/audio-e-consumido-por-97-da-populacao-da-franca-radio-lidera-com-folga-nesse-formato-de-midia\/\">Leia mais<\/a><\/p>\n","protected":false},"author":2,"featured_media":12108,"comment_status":"open","ping_status":"open","sticky":false,"template":"","format":"standard","meta":{"footnotes":""},"categories":[33,3],"tags":[],"class_list":{"0":"post-19780","1":"post","2":"type-post","3":"status-publish","4":"format-standard","5":"has-post-thumbnail","7":"category-destaques","8":"category-noticias"},"_links":{"self":[{"href":"https:\/\/sertsc.org.br\/site\/wp-json\/wp\/v2\/posts\/19780","targetHints":{"allow":["GET"]}}],"collection":[{"href":"https:\/\/sertsc.org.br\/site\/wp-json\/wp\/v2\/posts"}],"about":[{"href":"https:\/\/sertsc.org.br\/site\/wp-json\/wp\/v2\/types\/post"}],"author":[{"embeddable":true,"href":"https:\/\/sertsc.org.br\/site\/wp-json\/wp\/v2\/users\/2"}],"replies":[{"embeddable":true,"href":"https:\/\/sertsc.org.br\/site\/wp-json\/wp\/v2\/comments?post=19780"}],"version-history":[{"count":2,"href":"https:\/\/sertsc.org.br\/site\/wp-json\/wp\/v2\/posts\/19780\/revisions"}],"predecessor-version":[{"id":19782,"href":"https:\/\/sertsc.org.br\/site\/wp-json\/wp\/v2\/posts\/19780\/revisions\/19782"}],"wp:featuredmedia":[{"embeddable":true,"href":"https:\/\/sertsc.org.br\/site\/wp-json\/wp\/v2\/media\/12108"}],"wp:attachment":[{"href":"https:\/\/sertsc.org.br\/site\/wp-json\/wp\/v2\/media?parent=19780"}],"wp:term":[{"taxonomy":"category","embeddable":true,"href":"https:\/\/sertsc.org.br\/site\/wp-json\/wp\/v2\/categories?post=19780"},{"taxonomy":"post_tag","embeddable":true,"href":"https:\/\/sertsc.org.br\/site\/wp-json\/wp\/v2\/tags?post=19780"}],"curies":[{"name":"wp","href":"https:\/\/api.w.org\/{rel}","templated":true}]}}