{"id":19769,"date":"2024-05-29T10:32:25","date_gmt":"2024-05-29T13:32:25","guid":{"rendered":"https:\/\/sertsc.org.br\/site\/?p=19769"},"modified":"2024-05-29T10:32:25","modified_gmt":"2024-05-29T13:32:25","slug":"faixa-de-35-ghz-estara-disponivel-para-o-5g-em-mais-236-municipios","status":"publish","type":"post","link":"https:\/\/sertsc.org.br\/site\/faixa-de-35-ghz-estara-disponivel-para-o-5g-em-mais-236-municipios\/","title":{"rendered":"Faixa de 3,5 GHz estar\u00e1 dispon\u00edvel para o 5G em mais 236 munic\u00edpios"},"content":{"rendered":"<p>A partir do dia 27 de maio de 2024, as prestadoras que adquiriram lotes na faixa de 3,5 GHz poder\u00e3o solicitar \u00e0 Anatel o licenciamento e ativa\u00e7\u00e3o de esta\u00e7\u00f5es de 5G nessa faixa em mais 236 munic\u00edpios, segundo delibera\u00e7\u00e3o ocorrida nesta quarta-feira, em Reuni\u00e3o Ordin\u00e1ria do Grupo de Acompanhamento da Implanta\u00e7\u00e3o das Solu\u00e7\u00f5es para os Problemas de Interfer\u00eancia na faixa de 3.625 a 3.700 MHz (Gaispi).<\/p>\n<p>Com a decis\u00e3o, ser\u00e3o 4.134 os munic\u00edpios com a faixa de 3,5 GHz dispon\u00edvel para utiliza\u00e7\u00e3o por esta\u00e7\u00f5es da quinta gera\u00e7\u00e3o do servi\u00e7o m\u00f3vel standalone, nos quais vivem pouco mais de 189 milh\u00f5es de brasileiros &#8211; aproximadamente 88,6% da popula\u00e7\u00e3o do Pa\u00eds.<\/p>\n<p>Para facilitar o acompanhamento dos munic\u00edpios liberados, o Gaispi disponibiliza um painel de dados apresentando os munic\u00edpios em que a faixa de 3,5 GHz j\u00e1 se encontra liberada e, tamb\u00e9m, o planejamento aprovado pelo Grupo para as pr\u00f3ximas libera\u00e7\u00f5es.<\/p>\n<p>Importante ressaltar que a libera\u00e7\u00e3o da faixa n\u00e3o significa que redes do 5G ser\u00e3o instaladas de imediato nas localidades: a instala\u00e7\u00e3o antecipada de esta\u00e7\u00f5es de quinta gera\u00e7\u00e3o nessas cidades depende do planejamento individual de cada prestadora.<\/p>\n<p>A decis\u00e3o tomada pelo Gaispi segue diretrizes do edital do 5G e abrange munic\u00edpios em que a Entidade Administradora da Faixa de 3,5 GHz (EAF) iniciou a migra\u00e7\u00e3o da recep\u00e7\u00e3o do sinal de televis\u00e3o aberta e gratuita por meio de antenas parab\u00f3licas na banda C satelital para a banda Ku e concluiu as a\u00e7\u00f5es necess\u00e1rias para a desocupa\u00e7\u00e3o desta faixa por sistemas do Servi\u00e7o Fixo por Sat\u00e9lite (FSS), tendo instalado os filtros para a mitiga\u00e7\u00e3o de interfer\u00eancias em todas as esta\u00e7\u00f5es do FSS impactadas.<\/p>\n<p>A EAF \u00e9 a entidade n\u00e3o governamental e sem fins lucrativos criada por determina\u00e7\u00e3o da Anatel para apoiar a popula\u00e7\u00e3o de menor renda na substitui\u00e7\u00e3o das antenas parab\u00f3licas antigas pelas novas parab\u00f3licas digitais, de forma totalmente gratuita.<\/p>\n<p>Com a antecipa\u00e7\u00e3o desses 236 (duzentos e trinta e seis) munic\u00edpios, os Estados da Para\u00edba (PB), Rond\u00f4nia (RO) e Tocantins (TO) est\u00e3o totalmente liberados para a ativa\u00e7\u00e3o de esta\u00e7\u00f5es 5G na faixa de 3,5 GHz. Com essa libera\u00e7\u00e3o s\u00e3o 15 UFs (AL, AP, DF, ES, MA, PB, PR, RJ, RO, RR, RS, SC, SE, SP e TO) com todos os munic\u00edpios liberados.<\/p>\n<p>Quem recebe as transmiss\u00f5es da TV Aberta pela antena parab\u00f3lica precisa adaptar o equipamento para evitar eventuais interfer\u00eancias. Inscritos no Cadastro \u00danico para Programas Sociais do Governo Federal (Cad\u00danico) que recebem sinal da TV aberta por parab\u00f3lica podem solicitar o kit gratuito para a adapta\u00e7\u00e3o do equipamento \u00e0 Siga Antenado, nome fantasia da EAF.<\/p>\n<p>Cabe destacar que em abril a EAF atingiu a marca de mais de 2,5 milh\u00f5es de kits de recep\u00e7\u00e3o de TV aberta na banda Ku distribu\u00eddos desde o in\u00edcio das atividades, tendo a capacidade de instalar cerca de 10 mil kits por dia.<\/p>\n<p>\u00c9 fundamental que o interessado eleg\u00edvel realize o agendamento para a instala\u00e7\u00e3o dos novos equipamentos. Mais informa\u00e7\u00f5es est\u00e3o dispon\u00edveis no site da Siga Antenado. Tamb\u00e9m est\u00e1 dispon\u00edvel o telefone 0800-729-2404.<\/p>\n<p>Os munic\u00edpios com a faixa j\u00e1 liberada, as cidades, os bairros e a quantidade de esta\u00e7\u00f5es licenciadas do 5G standalone na faixa de 3,5 GHz, bem como os aparelhos celulares certificados para uso de 5G, podem ser consultados nos dashboards disponibilizados no painel de dados da Anatel:<\/p>\n<p>https:\/\/informacoes.anatel.gov.br\/paineis\/espectro-e-orbita\/gaispi-liberacao-e-planejamento-3-5-ghz<\/p>\n<p>https:\/\/informacoes.anatel.gov.br\/paineis\/outorga-e-licenciamento\/estacoes-do-smp<\/p>\n<p>https:\/\/informacoes.anatel.gov.br\/paineis\/certificacao-de-produtos\/celulares-em-5g<\/p>\n<p>Segue abaixo a lista com os 236 munic\u00edpios em que as prestadoras poder\u00e3o solicitar \u00e0 Anatel o licenciamento e ativa\u00e7\u00e3o de esta\u00e7\u00f5es de 5G na faixa de 3,5 GHz:<\/p>\n<p>Acompanhe mais em: <a href=\"https:\/\/www.gov.br\/anatel\/pt-br\/assuntos\/noticias\/faixa-de-3-5-ghz-esta-disponivel-para-o-5g-em-mais-236-municipios\">Anatel\u00a0<\/a><\/p>\n<p><img fetchpriority=\"high\" decoding=\"async\" class=\"wp-image-19770 aligncenter\" src=\"https:\/\/sertsc.org.br\/site\/wp-content\/uploads\/2024\/05\/site-1-3-300x200.png\" alt=\"\" width=\"491\" height=\"327\" srcset=\"https:\/\/sertsc.org.br\/site\/wp-content\/uploads\/2024\/05\/site-1-3-300x200.png 300w, https:\/\/sertsc.org.br\/site\/wp-content\/uploads\/2024\/05\/site-1-3-768x513.png 768w, https:\/\/sertsc.org.br\/site\/wp-content\/uploads\/2024\/05\/site-1-3.png 900w\" sizes=\"(max-width: 491px) 100vw, 491px\" \/><\/p>\n<p>Fonte: Anatel.<\/p>\n","protected":false},"excerpt":{"rendered":"<p>A partir do dia 27 de maio de 2024, as&hellip;<\/p>\n<p> <a class=\"more-link\" href=\"https:\/\/sertsc.org.br\/site\/faixa-de-35-ghz-estara-disponivel-para-o-5g-em-mais-236-municipios\/\">Leia mais<\/a><\/p>\n","protected":false},"author":2,"featured_media":19770,"comment_status":"open","ping_status":"open","sticky":false,"template":"","format":"standard","meta":{"footnotes":""},"categories":[33,3],"tags":[],"class_list":{"0":"post-19769","1":"post","2":"type-post","3":"status-publish","4":"format-standard","5":"has-post-thumbnail","7":"category-destaques","8":"category-noticias"},"_links":{"self":[{"href":"https:\/\/sertsc.org.br\/site\/wp-json\/wp\/v2\/posts\/19769","targetHints":{"allow":["GET"]}}],"collection":[{"href":"https:\/\/sertsc.org.br\/site\/wp-json\/wp\/v2\/posts"}],"about":[{"href":"https:\/\/sertsc.org.br\/site\/wp-json\/wp\/v2\/types\/post"}],"author":[{"embeddable":true,"href":"https:\/\/sertsc.org.br\/site\/wp-json\/wp\/v2\/users\/2"}],"replies":[{"embeddable":true,"href":"https:\/\/sertsc.org.br\/site\/wp-json\/wp\/v2\/comments?post=19769"}],"version-history":[{"count":1,"href":"https:\/\/sertsc.org.br\/site\/wp-json\/wp\/v2\/posts\/19769\/revisions"}],"predecessor-version":[{"id":19771,"href":"https:\/\/sertsc.org.br\/site\/wp-json\/wp\/v2\/posts\/19769\/revisions\/19771"}],"wp:featuredmedia":[{"embeddable":true,"href":"https:\/\/sertsc.org.br\/site\/wp-json\/wp\/v2\/media\/19770"}],"wp:attachment":[{"href":"https:\/\/sertsc.org.br\/site\/wp-json\/wp\/v2\/media?parent=19769"}],"wp:term":[{"taxonomy":"category","embeddable":true,"href":"https:\/\/sertsc.org.br\/site\/wp-json\/wp\/v2\/categories?post=19769"},{"taxonomy":"post_tag","embeddable":true,"href":"https:\/\/sertsc.org.br\/site\/wp-json\/wp\/v2\/tags?post=19769"}],"curies":[{"name":"wp","href":"https:\/\/api.w.org\/{rel}","templated":true}]}}