{"id":19753,"date":"2024-05-07T16:52:09","date_gmt":"2024-05-07T19:52:09","guid":{"rendered":"https:\/\/sertsc.org.br\/site\/?p=19753"},"modified":"2024-05-07T16:52:09","modified_gmt":"2024-05-07T19:52:09","slug":"nesta-terca-feira-07-de-maio-aconteceu-a-assembleia-geral-ordinaria-para-a-prestacao-de-contas-do-ano-2023-do-sert-sc","status":"publish","type":"post","link":"https:\/\/sertsc.org.br\/site\/nesta-terca-feira-07-de-maio-aconteceu-a-assembleia-geral-ordinaria-para-a-prestacao-de-contas-do-ano-2023-do-sert-sc\/","title":{"rendered":"Nesta ter\u00e7a-feira, 07 de maio, aconteceu a ASSEMBLEIA GERAL ORDIN\u00c1RIA para a Presta\u00e7\u00e3o de Contas do ano 2023 do SERT\/SC."},"content":{"rendered":"<p>O presidente do SERT\/SC, Humberto Ohf de Andrade abriu a reuni\u00e3o com observa\u00e7\u00f5es e explana\u00e7\u00f5es sobre a desenvoltura financeira da institui\u00e7\u00e3o. Em seguida o contador do sindicato explicou como funciona a fiscaliza\u00e7\u00e3o e a auditoria das contas da entidade. Na sequ\u00eancia a gerente executiva, Kelly Costa, apresentou as contas e detalhou despesas e receitas relativas a 2023.<br \/>\nO presidente encerrou a ASSEMBLEIA e agradeceu a participa\u00e7\u00e3o e comprometimento de todos.<\/p>\n","protected":false},"excerpt":{"rendered":"<p>O presidente do SERT\/SC, Humberto Ohf de Andrade abriu a&hellip;<\/p>\n<p> <a class=\"more-link\" href=\"https:\/\/sertsc.org.br\/site\/nesta-terca-feira-07-de-maio-aconteceu-a-assembleia-geral-ordinaria-para-a-prestacao-de-contas-do-ano-2023-do-sert-sc\/\">Leia mais<\/a><\/p>\n","protected":false},"author":2,"featured_media":19754,"comment_status":"open","ping_status":"open","sticky":false,"template":"","format":"standard","meta":{"footnotes":""},"categories":[33,3],"tags":[],"class_list":{"0":"post-19753","1":"post","2":"type-post","3":"status-publish","4":"format-standard","5":"has-post-thumbnail","7":"category-destaques","8":"category-noticias"},"_links":{"self":[{"href":"https:\/\/sertsc.org.br\/site\/wp-json\/wp\/v2\/posts\/19753","targetHints":{"allow":["GET"]}}],"collection":[{"href":"https:\/\/sertsc.org.br\/site\/wp-json\/wp\/v2\/posts"}],"about":[{"href":"https:\/\/sertsc.org.br\/site\/wp-json\/wp\/v2\/types\/post"}],"author":[{"embeddable":true,"href":"https:\/\/sertsc.org.br\/site\/wp-json\/wp\/v2\/users\/2"}],"replies":[{"embeddable":true,"href":"https:\/\/sertsc.org.br\/site\/wp-json\/wp\/v2\/comments?post=19753"}],"version-history":[{"count":1,"href":"https:\/\/sertsc.org.br\/site\/wp-json\/wp\/v2\/posts\/19753\/revisions"}],"predecessor-version":[{"id":19755,"href":"https:\/\/sertsc.org.br\/site\/wp-json\/wp\/v2\/posts\/19753\/revisions\/19755"}],"wp:featuredmedia":[{"embeddable":true,"href":"https:\/\/sertsc.org.br\/site\/wp-json\/wp\/v2\/media\/19754"}],"wp:attachment":[{"href":"https:\/\/sertsc.org.br\/site\/wp-json\/wp\/v2\/media?parent=19753"}],"wp:term":[{"taxonomy":"category","embeddable":true,"href":"https:\/\/sertsc.org.br\/site\/wp-json\/wp\/v2\/categories?post=19753"},{"taxonomy":"post_tag","embeddable":true,"href":"https:\/\/sertsc.org.br\/site\/wp-json\/wp\/v2\/tags?post=19753"}],"curies":[{"name":"wp","href":"https:\/\/api.w.org\/{rel}","templated":true}]}}