{"id":19750,"date":"2024-05-07T10:12:22","date_gmt":"2024-05-07T13:12:22","guid":{"rendered":"https:\/\/sertsc.org.br\/site\/?p=19750"},"modified":"2024-05-07T10:12:22","modified_gmt":"2024-05-07T13:12:22","slug":"radios-se-unem-em-campanha-para-arrecadacao-de-mantimentos-em-prol-as-familias-atingidas-pelas-chuvas-no-sul","status":"publish","type":"post","link":"https:\/\/sertsc.org.br\/site\/radios-se-unem-em-campanha-para-arrecadacao-de-mantimentos-em-prol-as-familias-atingidas-pelas-chuvas-no-sul\/","title":{"rendered":"R\u00e1dios se unem em campanha para arrecada\u00e7\u00e3o de mantimentos em prol \u00e0s fam\u00edlias atingidas pelas chuvas no Sul"},"content":{"rendered":"<p>Em decorr\u00eancia da trag\u00e9dia que assola o Sul do pa\u00eds, diversos s\u00e3o os atos de solidariedade em prol \u00e0s fam\u00edlias atingidas pelos fortes temporais. A R\u00e1dio Clube FM 94.9 de Canoinhas (SC), R\u00e1dio 106 FM 106.7 de Tr\u00eas Barras (SC), R\u00e1dio Planalto FM 95.5 FM de Major Vieira (SC) e a Planalto FM 105.9 de Irine\u00f3polis (SC) se uniram em uma campanha que visa a arrecada\u00e7\u00e3o de mantimentos para as v\u00edtimas das enchentes. Devido a muitas regi\u00f5es estarem sem energia el\u00e9trica, a popula\u00e7\u00e3o tem buscado por r\u00e1dios de pilha para se manterem informados sobre a situa\u00e7\u00e3o em suas regi\u00f5es.<\/p>\n<p>Juntas, as quatro emissoras anunciaram uma campanha, que busca arrecadar mantimentos aos afetados pelas fortes chuvas no Rio Grande do Sul, que j\u00e1 contabilizaram 83 mortos, mais de 100 desaparecidos, al\u00e9m de milhares de desabrigados.<\/p>\n<p>A campanha tem como objetivo arrecadar \u00e1gua pot\u00e1vel, produtos de limpeza e higiene pessoal, como tamb\u00e9m alimentos n\u00e3o perec\u00edveis. Os produtos arrecadados v\u00e3o ser destinados \u00e0s fam\u00edlias que foram atingidas pelas chuvas.<\/p>\n<p>Um dos pontos de coleta aos interessados em colaborar com a campanha \u00e9 a sede das emissoras. Atrav\u00e9s das redes sociais e na programa\u00e7\u00e3o, as r\u00e1dios est\u00e3o orientando a audi\u00eancia sobre os detalhes da campanha e os locais de arrecada\u00e7\u00e3o.<\/p>\n<p>&nbsp;<\/p>\n<p>Com informa\u00e7\u00f5es de Tudo R\u00e1dio, da R\u00e1dio Clube FM de Canoinhas e do portal GHZ.<\/p>\n","protected":false},"excerpt":{"rendered":"<p>Em decorr\u00eancia da trag\u00e9dia que assola o Sul do pa\u00eds,&hellip;<\/p>\n<p> <a class=\"more-link\" href=\"https:\/\/sertsc.org.br\/site\/radios-se-unem-em-campanha-para-arrecadacao-de-mantimentos-em-prol-as-familias-atingidas-pelas-chuvas-no-sul\/\">Leia mais<\/a><\/p>\n","protected":false},"author":2,"featured_media":19751,"comment_status":"open","ping_status":"open","sticky":false,"template":"","format":"standard","meta":{"footnotes":""},"categories":[33,3],"tags":[],"class_list":{"0":"post-19750","1":"post","2":"type-post","3":"status-publish","4":"format-standard","5":"has-post-thumbnail","7":"category-destaques","8":"category-noticias"},"_links":{"self":[{"href":"https:\/\/sertsc.org.br\/site\/wp-json\/wp\/v2\/posts\/19750","targetHints":{"allow":["GET"]}}],"collection":[{"href":"https:\/\/sertsc.org.br\/site\/wp-json\/wp\/v2\/posts"}],"about":[{"href":"https:\/\/sertsc.org.br\/site\/wp-json\/wp\/v2\/types\/post"}],"author":[{"embeddable":true,"href":"https:\/\/sertsc.org.br\/site\/wp-json\/wp\/v2\/users\/2"}],"replies":[{"embeddable":true,"href":"https:\/\/sertsc.org.br\/site\/wp-json\/wp\/v2\/comments?post=19750"}],"version-history":[{"count":1,"href":"https:\/\/sertsc.org.br\/site\/wp-json\/wp\/v2\/posts\/19750\/revisions"}],"predecessor-version":[{"id":19752,"href":"https:\/\/sertsc.org.br\/site\/wp-json\/wp\/v2\/posts\/19750\/revisions\/19752"}],"wp:featuredmedia":[{"embeddable":true,"href":"https:\/\/sertsc.org.br\/site\/wp-json\/wp\/v2\/media\/19751"}],"wp:attachment":[{"href":"https:\/\/sertsc.org.br\/site\/wp-json\/wp\/v2\/media?parent=19750"}],"wp:term":[{"taxonomy":"category","embeddable":true,"href":"https:\/\/sertsc.org.br\/site\/wp-json\/wp\/v2\/categories?post=19750"},{"taxonomy":"post_tag","embeddable":true,"href":"https:\/\/sertsc.org.br\/site\/wp-json\/wp\/v2\/tags?post=19750"}],"curies":[{"name":"wp","href":"https:\/\/api.w.org\/{rel}","templated":true}]}}