{"id":19747,"date":"2024-05-07T09:43:30","date_gmt":"2024-05-07T12:43:30","guid":{"rendered":"https:\/\/sertsc.org.br\/site\/?p=19747"},"modified":"2024-05-07T09:43:30","modified_gmt":"2024-05-07T12:43:30","slug":"acaert-divulga-juri-nacional-do-microfone-de-ouro","status":"publish","type":"post","link":"https:\/\/sertsc.org.br\/site\/acaert-divulga-juri-nacional-do-microfone-de-ouro\/","title":{"rendered":"ACAERT divulga j\u00fari nacional do Microfone de Ouro"},"content":{"rendered":"<p>Ap\u00f3s o encerramento da an\u00e1lise dos trabalhos finalistas do Pr\u00eamio ACAERT\/ Microfone de Ouro, a entidade divulga a rela\u00e7\u00e3o de profissionais do j\u00fari nacional, que apontou o vencedor em cada uma das 31 modalidades. Foram convidados profissionais com atua\u00e7\u00e3o em Bras\u00edlia, S\u00e3o Paulo e Porto Alegre. O julgamento dos trabalhos do Pr\u00eamio ACAERT \u00e9 dividido em duas fases: na primeira, um j\u00fari formado por profissionais de Santa Catarina escolhe os cinco finalistas em cada modalidade das quatro categorias: R\u00e1dio, Televis\u00e3o, Ag\u00eancias de Propaganda e Acad\u00eamicos em Comunica\u00e7\u00e3o. Na segunda etapa, o j\u00fari nacional escolhe os grandes vencedores. Nesta 12\u00aa edi\u00e7\u00e3o foram inscritos 911 trabalhos, estabelecendo novo recorde. A cerim\u00f4nia de premia\u00e7\u00e3o encerrar\u00e1 a programa\u00e7\u00e3o do 19\u00ba Congresso Catarinense de R\u00e1dio e Televis\u00e3o\/ ACAERT Next, que ser\u00e1 realizado nos 19 e 20 de maio, no CentroSul, em Florian\u00f3polis.<\/p>\n<p>J\u00fari nacional \u2013 2\u00aa etapa Pr\u00eamio<\/p>\n<p>Profissionais de R\u00e1dio<\/p>\n<p>&#8211; Daniel Starck<br \/>\nCeo TudoR\u00e1dio<\/p>\n<p>&#8211; Cristiano Stuani<br \/>\nConsultor em R\u00e1dio<\/p>\n<p>&#8211; Henrique do Valle<br \/>\nProfessor e consultor<\/p>\n<p>Profissionais de TV\/ Acad\u00eamicos em Jornalismo<\/p>\n<p>&#8211; Teresa Azevedo<br \/>\nJornalista e Diretora de Comunica\u00e7\u00e3o da ABERT<\/p>\n<p>&#8211; Deisy Feitosa Roman<br \/>\nProfessora e coordenadora do Curso de Jornalismo C\u00e1sper L\u00edbero<\/p>\n<p>&#8211; Andrei Rosseto<br \/>\nProfessor de Jornalismo PUC\/Famecos<\/p>\n<p>Ag\u00eancias\/ Acad\u00eamicos em Publicidade<\/p>\n<p>&#8211; Adonis Alonso<br \/>\nJornalista e colunista de marketing e publicidade<\/p>\n<p>&#8211; Paulo Andrade<br \/>\nPublicit\u00e1rio e Editor do PropMark<\/p>\n<p>&#8211; Rodrigo Sotero<br \/>\nPublicit\u00e1rio e Diretor de Anima\u00e7\u00e3o<\/p>\n<p><img fetchpriority=\"high\" decoding=\"async\" class=\"wp-image-19748 aligncenter\" src=\"https:\/\/sertsc.org.br\/site\/wp-content\/uploads\/2024\/05\/6638d5b0c5e52-300x147.jpg\" alt=\"\" width=\"486\" height=\"238\" srcset=\"https:\/\/sertsc.org.br\/site\/wp-content\/uploads\/2024\/05\/6638d5b0c5e52-300x147.jpg 300w, https:\/\/sertsc.org.br\/site\/wp-content\/uploads\/2024\/05\/6638d5b0c5e52-1024x503.jpg 1024w, https:\/\/sertsc.org.br\/site\/wp-content\/uploads\/2024\/05\/6638d5b0c5e52-768x377.jpg 768w, https:\/\/sertsc.org.br\/site\/wp-content\/uploads\/2024\/05\/6638d5b0c5e52-1536x755.jpg 1536w, https:\/\/sertsc.org.br\/site\/wp-content\/uploads\/2024\/05\/6638d5b0c5e52.jpg 1600w\" sizes=\"(max-width: 486px) 100vw, 486px\" \/><br \/>\nFonte: Assessoria de Imprensa\/ACAERT<\/p>\n","protected":false},"excerpt":{"rendered":"<p>Ap\u00f3s o encerramento da an\u00e1lise dos trabalhos finalistas do Pr\u00eamio&hellip;<\/p>\n<p> <a class=\"more-link\" href=\"https:\/\/sertsc.org.br\/site\/acaert-divulga-juri-nacional-do-microfone-de-ouro\/\">Leia mais<\/a><\/p>\n","protected":false},"author":2,"featured_media":19748,"comment_status":"open","ping_status":"open","sticky":false,"template":"","format":"standard","meta":{"footnotes":""},"categories":[33,3],"tags":[],"class_list":{"0":"post-19747","1":"post","2":"type-post","3":"status-publish","4":"format-standard","5":"has-post-thumbnail","7":"category-destaques","8":"category-noticias"},"_links":{"self":[{"href":"https:\/\/sertsc.org.br\/site\/wp-json\/wp\/v2\/posts\/19747","targetHints":{"allow":["GET"]}}],"collection":[{"href":"https:\/\/sertsc.org.br\/site\/wp-json\/wp\/v2\/posts"}],"about":[{"href":"https:\/\/sertsc.org.br\/site\/wp-json\/wp\/v2\/types\/post"}],"author":[{"embeddable":true,"href":"https:\/\/sertsc.org.br\/site\/wp-json\/wp\/v2\/users\/2"}],"replies":[{"embeddable":true,"href":"https:\/\/sertsc.org.br\/site\/wp-json\/wp\/v2\/comments?post=19747"}],"version-history":[{"count":1,"href":"https:\/\/sertsc.org.br\/site\/wp-json\/wp\/v2\/posts\/19747\/revisions"}],"predecessor-version":[{"id":19749,"href":"https:\/\/sertsc.org.br\/site\/wp-json\/wp\/v2\/posts\/19747\/revisions\/19749"}],"wp:featuredmedia":[{"embeddable":true,"href":"https:\/\/sertsc.org.br\/site\/wp-json\/wp\/v2\/media\/19748"}],"wp:attachment":[{"href":"https:\/\/sertsc.org.br\/site\/wp-json\/wp\/v2\/media?parent=19747"}],"wp:term":[{"taxonomy":"category","embeddable":true,"href":"https:\/\/sertsc.org.br\/site\/wp-json\/wp\/v2\/categories?post=19747"},{"taxonomy":"post_tag","embeddable":true,"href":"https:\/\/sertsc.org.br\/site\/wp-json\/wp\/v2\/tags?post=19747"}],"curies":[{"name":"wp","href":"https:\/\/api.w.org\/{rel}","templated":true}]}}