{"id":19724,"date":"2024-04-11T13:17:33","date_gmt":"2024-04-11T16:17:33","guid":{"rendered":"https:\/\/sertsc.org.br\/site\/?p=19724"},"modified":"2024-04-11T13:20:44","modified_gmt":"2024-04-11T16:20:44","slug":"mcom-divulga-normatizacao-para-migracao-das-radios-de-ondas-curtas-e-tropicais-para-fm","status":"publish","type":"post","link":"https:\/\/sertsc.org.br\/site\/mcom-divulga-normatizacao-para-migracao-das-radios-de-ondas-curtas-e-tropicais-para-fm\/","title":{"rendered":"MCom divulga normatiza\u00e7\u00e3o para migra\u00e7\u00e3o das r\u00e1dios de ondas curtas e tropicais para FM"},"content":{"rendered":"<p>O Minist\u00e9rio das Comunica\u00e7\u00f5es publicou na ter\u00e7a-feira (9) a portaria de n\u00ba 12.629, no Di\u00e1rio Oficial da Uni\u00e3o (DOU), a regulamenta\u00e7\u00e3o do processo de adapta\u00e7\u00e3o de outorgas de radiodifus\u00e3o sonora em Ondas Curtas (OC) e em Ondas Tropicais (OT) para o sistema de Frequ\u00eancia Modulada (FM). Para a migra\u00e7\u00e3o, as emissoras interessadas devem apresentar requerimento at\u00e9 o dia 18 de outubro de 2024 por meio do sistema eletr\u00f4nico disponibilizado pelo MCom.<\/p>\n<p>A portaria \u00e9 baseada no decreto n\u00b0 11.739\/2023, que disp\u00f5e sobre a adapta\u00e7\u00e3o facultativa do servi\u00e7o de radiodifus\u00e3o sonora em ondas curtas e em ondas tropicais para o servi\u00e7o de FM. Os valores para a adapta\u00e7\u00e3o de outorga dos 60 munic\u00edpios brasileiros que ainda possuem emissoras em OC e OT est\u00e3o dispon\u00edveis na portaria.<\/p>\n<p>\u201cEstamos dando a oportunidade de quem tinha essas emissoras de ondas curtas e tropicais para migrar para uma faixa mais atrativa para a popula\u00e7\u00e3o, que \u00e9 a faixa de FM. Significa, tamb\u00e9m, mais qualidade no servi\u00e7o de radiodifus\u00e3o prestado \u00e0 popula\u00e7\u00e3o brasileira\u201d, disse o secret\u00e1rio de Comunica\u00e7\u00e3o Social Eletr\u00f4nica do Minist\u00e9rio das Comunica\u00e7\u00f5es, Wilson Diniz Wellisch.<\/p>\n<p>Segundo a Portaria, o prazo para as solicita\u00e7\u00f5es de adapta\u00e7\u00e3o de outorga ser\u00e1 encerrado no dia 18 de outubro de 2024. O requerimento de altera\u00e7\u00e3o do servi\u00e7o de radiodifus\u00e3o dever\u00e1 ser formalizado por meio do portal do Minist\u00e9rio das Comunica\u00e7\u00f5es, com a documenta\u00e7\u00e3o exigida na portaria 12.629.<\/p>\n<p>Vale ressaltar que a apresenta\u00e7\u00e3o do decreto foi feita pelo diretor do Departamento de Radiodifus\u00e3o Privada do Minist\u00e9rio das Comunica\u00e7\u00f5es, Ant\u00f4nio Malva Neto, no dia 18 de outubro do ano passado. Segundo o diretor, o Brasil tem 56 r\u00e1dios outorgadas em Ondas Curtas em 15 munic\u00edpios. Em Ondas Tropicais, s\u00e3o 65 r\u00e1dios prestando servi\u00e7o em 52 munic\u00edpios.<\/p>\n<p>O decreto prev\u00ea a adapta\u00e7\u00e3o de forma facultativa para o dial. As empresas que manifestarem interesse na migra\u00e7\u00e3o, ter\u00e3o seus canais inclu\u00eddos exclusivamente no eFM e na menor classe estabelecida pela regulamenta\u00e7\u00e3o t\u00e9cnica da Anatel.<\/p>\n<p><img fetchpriority=\"high\" decoding=\"async\" class=\"wp-image-19726 aligncenter\" src=\"https:\/\/sertsc.org.br\/site\/wp-content\/uploads\/2024\/04\/site-1-1-300x200.png\" alt=\"\" width=\"501\" height=\"334\" srcset=\"https:\/\/sertsc.org.br\/site\/wp-content\/uploads\/2024\/04\/site-1-1-300x200.png 300w, https:\/\/sertsc.org.br\/site\/wp-content\/uploads\/2024\/04\/site-1-1-768x513.png 768w, https:\/\/sertsc.org.br\/site\/wp-content\/uploads\/2024\/04\/site-1-1.png 900w\" sizes=\"(max-width: 501px) 100vw, 501px\" \/><\/p>\n<p>Fonte: Tudo R\u00e1dio.<\/p>\n","protected":false},"excerpt":{"rendered":"<p>O Minist\u00e9rio das Comunica\u00e7\u00f5es publicou na ter\u00e7a-feira (9) a portaria&hellip;<\/p>\n<p> <a class=\"more-link\" href=\"https:\/\/sertsc.org.br\/site\/mcom-divulga-normatizacao-para-migracao-das-radios-de-ondas-curtas-e-tropicais-para-fm\/\">Leia mais<\/a><\/p>\n","protected":false},"author":2,"featured_media":19726,"comment_status":"open","ping_status":"open","sticky":false,"template":"","format":"standard","meta":{"footnotes":""},"categories":[33,1,3],"tags":[],"class_list":{"0":"post-19724","1":"post","2":"type-post","3":"status-publish","4":"format-standard","5":"has-post-thumbnail","7":"category-destaques","8":"category-geral","9":"category-noticias"},"_links":{"self":[{"href":"https:\/\/sertsc.org.br\/site\/wp-json\/wp\/v2\/posts\/19724","targetHints":{"allow":["GET"]}}],"collection":[{"href":"https:\/\/sertsc.org.br\/site\/wp-json\/wp\/v2\/posts"}],"about":[{"href":"https:\/\/sertsc.org.br\/site\/wp-json\/wp\/v2\/types\/post"}],"author":[{"embeddable":true,"href":"https:\/\/sertsc.org.br\/site\/wp-json\/wp\/v2\/users\/2"}],"replies":[{"embeddable":true,"href":"https:\/\/sertsc.org.br\/site\/wp-json\/wp\/v2\/comments?post=19724"}],"version-history":[{"count":3,"href":"https:\/\/sertsc.org.br\/site\/wp-json\/wp\/v2\/posts\/19724\/revisions"}],"predecessor-version":[{"id":19728,"href":"https:\/\/sertsc.org.br\/site\/wp-json\/wp\/v2\/posts\/19724\/revisions\/19728"}],"wp:featuredmedia":[{"embeddable":true,"href":"https:\/\/sertsc.org.br\/site\/wp-json\/wp\/v2\/media\/19726"}],"wp:attachment":[{"href":"https:\/\/sertsc.org.br\/site\/wp-json\/wp\/v2\/media?parent=19724"}],"wp:term":[{"taxonomy":"category","embeddable":true,"href":"https:\/\/sertsc.org.br\/site\/wp-json\/wp\/v2\/categories?post=19724"},{"taxonomy":"post_tag","embeddable":true,"href":"https:\/\/sertsc.org.br\/site\/wp-json\/wp\/v2\/tags?post=19724"}],"curies":[{"name":"wp","href":"https:\/\/api.w.org\/{rel}","templated":true}]}}