{"id":19720,"date":"2024-04-09T13:27:35","date_gmt":"2024-04-09T16:27:35","guid":{"rendered":"https:\/\/sertsc.org.br\/site\/?p=19720"},"modified":"2024-04-09T13:27:35","modified_gmt":"2024-04-09T16:27:35","slug":"levantamento-brasil-comeca-o-mes-de-abril-com-1-060-radios-migrantes-am-fm-ativas-no-dial-fm","status":"publish","type":"post","link":"https:\/\/sertsc.org.br\/site\/levantamento-brasil-comeca-o-mes-de-abril-com-1-060-radios-migrantes-am-fm-ativas-no-dial-fm\/","title":{"rendered":"Levantamento: Brasil come\u00e7a o m\u00eas de abril com 1.060 r\u00e1dios migrantes AM-FM ativas no dial FM"},"content":{"rendered":"<p>O Brasil inicia a primeira quinzena de abril com 1.060 emissoras origin\u00e1rias da faixa AM que j\u00e1 est\u00e3o ativas na faixa FM. A informa\u00e7\u00e3o \u00e9 baseada nos dados do levantamento realizado pelo tudoradio.com, que mapeia as emissoras migrantes AM-FM j\u00e1 em opera\u00e7\u00e3o. Para se ter uma ideia da evolu\u00e7\u00e3o do processo em 2024, o pa\u00eds contava com 1.030 esta\u00e7\u00f5es nessas condi\u00e7\u00f5es na \u00faltima semana de 2023, e a marca de 1 mil foi alcan\u00e7ada em outubro passado. Ou seja, o ritmo m\u00e9dio \u00e9 de 30 novas migrantes AM-FM ativas no FM a cada tr\u00eas meses. Vale destacar que o levantamento feito pelo portal s\u00f3 registra as esta\u00e7\u00f5es originadas na faixa AM cujas \u00e1reas de cobertura em FM s\u00e3o conhecidas.<\/p>\n<p>A migrante AM-FM mais recente no levantamento realizado pelo tudoradio.com \u00e9 a R\u00e1dio Timbira FM 95.5 de S\u00e3o Lu\u00eds, capital do Maranh\u00e3o. Ela foi percebida ativa neste s\u00e1bado (6) e tem sua estreia oficial em FM marcada para esta ter\u00e7a-feira (9). A emissora \u00e9 uma das r\u00e1dios mais tradicionais da faixa AM na regi\u00e3o Nordeste do pa\u00eds, sendo um ve\u00edculo de comunica\u00e7\u00e3o p\u00fablico, ligado ao governo do estado maranhense. Originalmente, a esta\u00e7\u00e3o operava em AM 1290.<\/p>\n<p>Tamb\u00e9m chama aten\u00e7\u00e3o o tamanho da migra\u00e7\u00e3o AM-FM no territ\u00f3rio paulista. De acordo com o levantamento, o estado de S\u00e3o Paulo conta com 158 emissoras que se encaixam nessa classifica\u00e7\u00e3o de r\u00e1dios originadas no AM que j\u00e1 est\u00e3o ativas no dial FM. E por l\u00e1 o ritmo acelerou nos \u00faltimos meses, seja no surgimento de novas migrantes, seja na consolida\u00e7\u00e3o de alguns projetos. Foi destaque recente o desempenho de audi\u00eancia da Classic Pan FM 76.7 em S\u00e3o Paulo e tamb\u00e9m o surgimento iminente da R\u00e1dio Record FM 77.1, originada da tradicional AM 1000.<\/p>\n<p>S\u00e3o Paulo tamb\u00e9m est\u00e1 chamando aten\u00e7\u00e3o pela movimenta\u00e7\u00e3o de acordos que est\u00e3o realocando algumas emissoras migrantes AM-FM que j\u00e1 estavam no eFM (FM estendido, 76.1 FM a 87.3 FM) para o FM convencional (88.1 FM a 107.9 FM). Isso foi percebido, por exemplo, na Grande S\u00e3o Paulo atrav\u00e9s da Apollo FM 98.1 de Santa Isabel (que no momento est\u00e1 inativa e antes operava em 83.1 FM) e no processo das emissoras migrantes AM-FM de Ribeir\u00e3o Preto.<\/p>\n<p>Voltando ao n\u00famero de migrantes AM-FM ativas no dial, o Rio Grande do Sul est\u00e1 a uma r\u00e1dio de atingir a marca centen\u00e1ria de emissoras nessa condi\u00e7\u00e3o, de AMs ativas em FM. Assim que ocorrer a pr\u00f3xima migra\u00e7\u00e3o AM-FM em territ\u00f3rio ga\u00facho, o estado se junta a S\u00e3o Paulo (158), Paran\u00e1 (136) e Minas Gerais (117). Estados como Santa Catarina (96), Cear\u00e1 (51), Bahia (50), Mato Grosso (46), Mato Grosso do Sul (42), e Goi\u00e1s (40) tamb\u00e9m contam com n\u00fameros relevantes. Consulte a lista completa [aqui] ou acesse https:\/\/tudoradio.com\/migracaoamfm.<\/p>\n<p>O processo de migra\u00e7\u00e3o AM-FM deve se intensificar nos pr\u00f3ximos meses. Ontem (8) o tudoradio.com noticiou mais uma leva de termos aditivos de v\u00e1rias esta\u00e7\u00f5es, ou seja, movimenta\u00e7\u00e3o essa que vai encaminhando novas autoriza\u00e7\u00f5es no FM para as emissoras vindas da faixa AM.<\/p>\n<p>Entre a assinatura do decreto 8.139, em 2013, pela ent\u00e3o presidente Dilma Rousseff, no dia 7 de novembro de 2013 (Dia do Radialista), at\u00e9 a autoriza\u00e7\u00e3o da primeira migrante AM-FM ir ao ar em FM, transcorreram mais de dois anos. Este processo culminou em 18 de mar\u00e7o de 2016 com a R\u00e1dio Progresso FM de Juazeiro do Norte (anteriormente em AM 1310, migrou para FM 97.9, e atualmente opera em FM 105.1).<\/p>\n<p>O eFM, conhecido como FM estendido, que abriu a faixa de FM entre 76.1 FM e 87.3 FM, surgiu como solu\u00e7\u00e3o para acomodar as migrantes AM-FM em regi\u00f5es onde a ocupa\u00e7\u00e3o do FM convencional (88.1 FM a 107.9 FM) estava saturada. Muitas esta\u00e7\u00f5es que planejavam migrar para o eFM encontraram espa\u00e7o na faixa convencional ap\u00f3s acordos de redu\u00e7\u00e3o de pot\u00eancia, acelerando o processo em alguns casos e retardando em outros.<\/p>\n<p>Em 2014, a ind\u00fastria de r\u00e1dio realizou o primeiro teste em FM estendido, com a transmiss\u00e3o da ent\u00e3o Jovem Pan AM 620 em S\u00e3o Paulo, operando por um ano em 84.7 FM. Apesar de n\u00e3o terem sido identificadas interfer\u00eancias nos canais 5 e 6 de TV anal\u00f3gica, o FM estendido s\u00f3 come\u00e7ou a ser usado em 7 de maio de 2021, ap\u00f3s a digitaliza\u00e7\u00e3o da TV. Naquele momento, 9 esta\u00e7\u00f5es eFM foram ativadas em cidades como S\u00e3o Paulo, Rio de Janeiro, Belo Horizonte, Porto Alegre, Recife e Bras\u00edlia, incluindo migrantes AM-FM e novas FMs p\u00fablicas da EBC. A exig\u00eancia da presen\u00e7a em eFM para receptores produzidos no Brasil foi estabelecida em 2017.<br \/>\n<img fetchpriority=\"high\" decoding=\"async\" class=\"wp-image-19721 aligncenter\" src=\"https:\/\/sertsc.org.br\/site\/wp-content\/uploads\/2024\/04\/site-1-300x200.png\" alt=\"\" width=\"500\" height=\"333\" srcset=\"https:\/\/sertsc.org.br\/site\/wp-content\/uploads\/2024\/04\/site-1-300x200.png 300w, https:\/\/sertsc.org.br\/site\/wp-content\/uploads\/2024\/04\/site-1-768x513.png 768w, https:\/\/sertsc.org.br\/site\/wp-content\/uploads\/2024\/04\/site-1.png 900w\" sizes=\"(max-width: 500px) 100vw, 500px\" \/><br \/>\nFonte: Tudo R\u00e1dio.<\/p>\n","protected":false},"excerpt":{"rendered":"<p>O Brasil inicia a primeira quinzena de abril com 1.060&hellip;<\/p>\n<p> <a class=\"more-link\" href=\"https:\/\/sertsc.org.br\/site\/levantamento-brasil-comeca-o-mes-de-abril-com-1-060-radios-migrantes-am-fm-ativas-no-dial-fm\/\">Leia mais<\/a><\/p>\n","protected":false},"author":2,"featured_media":19721,"comment_status":"open","ping_status":"open","sticky":false,"template":"","format":"standard","meta":{"footnotes":""},"categories":[33,3],"tags":[],"class_list":{"0":"post-19720","1":"post","2":"type-post","3":"status-publish","4":"format-standard","5":"has-post-thumbnail","7":"category-destaques","8":"category-noticias"},"_links":{"self":[{"href":"https:\/\/sertsc.org.br\/site\/wp-json\/wp\/v2\/posts\/19720","targetHints":{"allow":["GET"]}}],"collection":[{"href":"https:\/\/sertsc.org.br\/site\/wp-json\/wp\/v2\/posts"}],"about":[{"href":"https:\/\/sertsc.org.br\/site\/wp-json\/wp\/v2\/types\/post"}],"author":[{"embeddable":true,"href":"https:\/\/sertsc.org.br\/site\/wp-json\/wp\/v2\/users\/2"}],"replies":[{"embeddable":true,"href":"https:\/\/sertsc.org.br\/site\/wp-json\/wp\/v2\/comments?post=19720"}],"version-history":[{"count":1,"href":"https:\/\/sertsc.org.br\/site\/wp-json\/wp\/v2\/posts\/19720\/revisions"}],"predecessor-version":[{"id":19722,"href":"https:\/\/sertsc.org.br\/site\/wp-json\/wp\/v2\/posts\/19720\/revisions\/19722"}],"wp:featuredmedia":[{"embeddable":true,"href":"https:\/\/sertsc.org.br\/site\/wp-json\/wp\/v2\/media\/19721"}],"wp:attachment":[{"href":"https:\/\/sertsc.org.br\/site\/wp-json\/wp\/v2\/media?parent=19720"}],"wp:term":[{"taxonomy":"category","embeddable":true,"href":"https:\/\/sertsc.org.br\/site\/wp-json\/wp\/v2\/categories?post=19720"},{"taxonomy":"post_tag","embeddable":true,"href":"https:\/\/sertsc.org.br\/site\/wp-json\/wp\/v2\/tags?post=19720"}],"curies":[{"name":"wp","href":"https:\/\/api.w.org\/{rel}","templated":true}]}}