{"id":19717,"date":"2024-04-05T13:24:50","date_gmt":"2024-04-05T16:24:50","guid":{"rendered":"https:\/\/sertsc.org.br\/site\/?p=19717"},"modified":"2024-04-05T13:25:21","modified_gmt":"2024-04-05T16:25:21","slug":"acaert-divulga-finalistas-do-premio-microfone-de-ouro","status":"publish","type":"post","link":"https:\/\/sertsc.org.br\/site\/acaert-divulga-finalistas-do-premio-microfone-de-ouro\/","title":{"rendered":"ACAERT divulga finalistas do Pr\u00eamio Microfone de Ouro"},"content":{"rendered":"<p style=\"font-weight: 400;\">A\u00a0<b><strong>ACAERT\u00a0<\/strong><\/b>divulgou nesta quinta-feira (4) a\u00a0<b><strong>rela\u00e7\u00e3o dos finalistas do Pr\u00eamio Microfone de Ouro<\/strong><\/b>, 12\u00aa edi\u00e7\u00e3o, considerado o \u2018Oscar\u2019 do mercado de comunica\u00e7\u00e3o do Sul do pa\u00eds. Foram analisados 911 trabalhos (recorde) em 31 modalidades de quatro categorias: profissionais de r\u00e1dio, tv, ag\u00eancias de propaganda e acad\u00eamicos de Jornalismo e Publicidade e Propaganda de Santa Catarina. O material inscrito foi analisado por 18 jurados que atuam no mercado catarinense.<\/p>\n<p style=\"font-weight: 400;\">Na pr\u00f3xima etapa do Pr\u00eamio ACAERT, os trabalhos dos finalistas ser\u00e3o avaliados por outro j\u00fari, desta vez, com convidados de outros estados. Os vencedores em cada modalidade ser\u00e3o conhecidos em cerim\u00f4nia que ser\u00e1 realizada no dia 20 de maio, no Centrosul, em Florian\u00f3polis. A premia\u00e7\u00e3o encerrar\u00e1 a programa\u00e7\u00e3o do 19\u00ba Congresso Catarinense de R\u00e1dio e Televis\u00e3o\/ ACAERT Next, que come\u00e7ar\u00e1 no dia 19 de maio.<\/p>\n<p style=\"font-weight: 400;\">\u201cTodos os participantes devem se sentir orgulhosos pelos materiais produzidos, o que dificultou bastante para os jurados. Aos finalistas, boa sorte na avalia\u00e7\u00e3o nacional\u201d, destaca o presidente da ACAERT,<b><strong>\u00a0F\u00e1bio Bigolin.<\/strong><\/b><\/p>\n<p style=\"font-weight: 400;\">A coordena\u00e7\u00e3o da 12\u00aa edi\u00e7\u00e3o do Pr\u00eamio ACAERT \u00e9 da vice-presidente de Capacita\u00e7\u00e3o e Integra\u00e7\u00e3o,\u00a0<b><strong>Carolina Guidi<\/strong><\/b>. &#8220;\u00c9 um momento emocionante, pois reconhecemos e celebramos a excel\u00eancia no r\u00e1dio catarinense e temos talentos incr\u00edveis representando nossa ind\u00fastria. A divulga\u00e7\u00e3o dos finalistas \u00e9 uma oportunidade para destacar o trabalho e a criatividade dos profissionais de r\u00e1dio, tv, agencias e estudantes de Santa Catarina. \u00c9 um prazer compartilhar os nomes dos indicados e celebrar suas conquistas!&#8221;, afirma a coordenadora.<\/p>\n<p>Acompanhe mais em<a href=\"https:\/\/www.acaert.com.br\/noticia\/52934\/acaert-divulga-finalistas-do-premio-microfone-de-ouro\"> ACAERT<\/a><\/p>\n","protected":false},"excerpt":{"rendered":"<p>A\u00a0ACAERT\u00a0divulgou nesta quinta-feira (4) a\u00a0rela\u00e7\u00e3o dos finalistas do Pr\u00eamio Microfone&hellip;<\/p>\n<p> <a class=\"more-link\" href=\"https:\/\/sertsc.org.br\/site\/acaert-divulga-finalistas-do-premio-microfone-de-ouro\/\">Leia mais<\/a><\/p>\n","protected":false},"author":2,"featured_media":19718,"comment_status":"open","ping_status":"open","sticky":false,"template":"","format":"standard","meta":{"footnotes":""},"categories":[33,3],"tags":[],"class_list":{"0":"post-19717","1":"post","2":"type-post","3":"status-publish","4":"format-standard","5":"has-post-thumbnail","7":"category-destaques","8":"category-noticias"},"_links":{"self":[{"href":"https:\/\/sertsc.org.br\/site\/wp-json\/wp\/v2\/posts\/19717","targetHints":{"allow":["GET"]}}],"collection":[{"href":"https:\/\/sertsc.org.br\/site\/wp-json\/wp\/v2\/posts"}],"about":[{"href":"https:\/\/sertsc.org.br\/site\/wp-json\/wp\/v2\/types\/post"}],"author":[{"embeddable":true,"href":"https:\/\/sertsc.org.br\/site\/wp-json\/wp\/v2\/users\/2"}],"replies":[{"embeddable":true,"href":"https:\/\/sertsc.org.br\/site\/wp-json\/wp\/v2\/comments?post=19717"}],"version-history":[{"count":1,"href":"https:\/\/sertsc.org.br\/site\/wp-json\/wp\/v2\/posts\/19717\/revisions"}],"predecessor-version":[{"id":19719,"href":"https:\/\/sertsc.org.br\/site\/wp-json\/wp\/v2\/posts\/19717\/revisions\/19719"}],"wp:featuredmedia":[{"embeddable":true,"href":"https:\/\/sertsc.org.br\/site\/wp-json\/wp\/v2\/media\/19718"}],"wp:attachment":[{"href":"https:\/\/sertsc.org.br\/site\/wp-json\/wp\/v2\/media?parent=19717"}],"wp:term":[{"taxonomy":"category","embeddable":true,"href":"https:\/\/sertsc.org.br\/site\/wp-json\/wp\/v2\/categories?post=19717"},{"taxonomy":"post_tag","embeddable":true,"href":"https:\/\/sertsc.org.br\/site\/wp-json\/wp\/v2\/tags?post=19717"}],"curies":[{"name":"wp","href":"https:\/\/api.w.org\/{rel}","templated":true}]}}