{"id":19713,"date":"2024-04-02T13:32:09","date_gmt":"2024-04-02T16:32:09","guid":{"rendered":"https:\/\/sertsc.org.br\/site\/?p=19713"},"modified":"2024-04-02T13:32:09","modified_gmt":"2024-04-02T16:32:09","slug":"radio-segue-dominante-entre-as-plataformas-de-audio-na-alemanha-931-da-populacao-escuta-o-meio","status":"publish","type":"post","link":"https:\/\/sertsc.org.br\/site\/radio-segue-dominante-entre-as-plataformas-de-audio-na-alemanha-931-da-populacao-escuta-o-meio\/","title":{"rendered":"R\u00e1dio segue dominante entre as plataformas de \u00e1udio na Alemanha; 93,1% da popula\u00e7\u00e3o escuta o meio"},"content":{"rendered":"<p>Os \u00faltimos dados da pesquisa MA 2024 Audio, que mapeia todo o consumo de \u00e1udio na Alemanha, trazem novas not\u00edcias animadoras para o setor de r\u00e1dio local. Por l\u00e1, o meio segue dominante entre todas as plataformas de \u00e1udio existentes no pa\u00eds europeu, com 93,1% da popula\u00e7\u00e3o alem\u00e3 consumindo r\u00e1dio de alguma forma. Al\u00e9m disso, \u00e9 crescente o consumo de r\u00e1dio por vias digitais, o que inclui a transmiss\u00e3o terrestre DAB+. Outra modalidade de \u00e1udio que est\u00e1 em crescimento constante \u00e9 o podcast, tamb\u00e9m explorado pelo setor de r\u00e1dio local. As an\u00e1lises foram repercutidas pela imprensa especializada local, com divulga\u00e7\u00e3o ao mercado no \u00faltimo dia 20.<\/p>\n<p>A nova edi\u00e7\u00e3o da MA 2024 Audio I confirma a posi\u00e7\u00e3o resiliente do r\u00e1dio como uma das principais escolhas de m\u00eddia para os alem\u00e3es, mantendo seu consumo em patamar elevado ao longo dos \u00faltimos anos. Com uma audi\u00eancia que permanece forte, o r\u00e1dio tradicional alcan\u00e7ou 93,1% da popula\u00e7\u00e3o em um per\u00edodo de quatro semanas, refletindo uma ligeira varia\u00e7\u00e3o em rela\u00e7\u00e3o aos n\u00fameros anteriores, mas demonstrando uma ader\u00eancia significativa com uma m\u00e9dia de 246 minutos de escuta por dia, que resulta em mais de quatro horas di\u00e1rias.<\/p>\n<p>Al\u00e9m do forte desempenho cont\u00ednuo do r\u00e1dio FM, o DAB+ (r\u00e1dio digital terrestre) demonstra um crescimento consistente, especialmente entre os ouvintes de 30 a 59 anos. Este aumento sinaliza uma amplia\u00e7\u00e3o na aceita\u00e7\u00e3o de formatos digitais, com 28,5% da popula\u00e7\u00e3o agora sintonizando via DAB+. A expans\u00e3o do r\u00e1dio digital \u00e9 complementada pelo crescimento sustentado do \u00e1udio online, que, ap\u00f3s uma leve retra\u00e7\u00e3o p\u00f3s-COVID, mostra sinais de recupera\u00e7\u00e3o, indicando uma adapta\u00e7\u00e3o do p\u00fablico \u00e0s novas formas de consumo de m\u00eddia, de acordo com as an\u00e1lises do consumo de \u00e1udio no pa\u00eds europeu.<\/p>\n<p>A pesquisa ainda aponta que os podcasts continuam a ganhar terreno, com 41,8% dos alem\u00e3es tendo escutado a este formato pelo menos uma vez. Entre a demografia chave de 14 a 49 anos, esse n\u00famero sobe para 57%, evidenciando o podcast como um formato em ascens\u00e3o e um complemento vital ao ecossistema de \u00e1udio, de acordo com as an\u00e1lises locais.<\/p>\n<p>Grit Leith\u00e4user, diretora executiva da Radiozentrale, ressalta a import\u00e2ncia destes resultados: &#8220;Essa estabilidade \u00e9 uma conquista not\u00e1vel em meio \u00e0s mudan\u00e7as disruptivas do mercado de m\u00eddia. Isso destaca a posi\u00e7\u00e3o forte que o r\u00e1dio mant\u00e9m junto aos ouvintes.&#8221;<\/p>\n<p>Em meio a um mercado de m\u00eddia em constante evolu\u00e7\u00e3o, a An\u00e1lise de M\u00eddia MA Audio 2024 reafirma o papel crucial do r\u00e1dio como uma m\u00eddia de confian\u00e7a, destacando-se especialmente em tempos de desinforma\u00e7\u00e3o crescente. A pesquisa da Bertelsmann Stiftung revelou preocupa\u00e7\u00f5es significativas sobre a desinforma\u00e7\u00e3o online, o que enfatiza ainda mais o valor do r\u00e1dio como uma fonte confi\u00e1vel de informa\u00e7\u00e3o.<\/p>\n<p><img fetchpriority=\"high\" decoding=\"async\" class=\"wp-image-19715 aligncenter\" src=\"https:\/\/sertsc.org.br\/site\/wp-content\/uploads\/2024\/04\/site-300x200.png\" alt=\"\" width=\"498\" height=\"332\" srcset=\"https:\/\/sertsc.org.br\/site\/wp-content\/uploads\/2024\/04\/site-300x200.png 300w, https:\/\/sertsc.org.br\/site\/wp-content\/uploads\/2024\/04\/site-768x513.png 768w, https:\/\/sertsc.org.br\/site\/wp-content\/uploads\/2024\/04\/site.png 900w\" sizes=\"(max-width: 498px) 100vw, 498px\" \/><\/p>\n<p>Fonte: Tudo R\u00e1dio.<\/p>\n","protected":false},"excerpt":{"rendered":"<p>Os \u00faltimos dados da pesquisa MA 2024 Audio, que mapeia&hellip;<\/p>\n<p> <a class=\"more-link\" href=\"https:\/\/sertsc.org.br\/site\/radio-segue-dominante-entre-as-plataformas-de-audio-na-alemanha-931-da-populacao-escuta-o-meio\/\">Leia mais<\/a><\/p>\n","protected":false},"author":2,"featured_media":19715,"comment_status":"open","ping_status":"open","sticky":false,"template":"","format":"standard","meta":{"footnotes":""},"categories":[33,1,3],"tags":[],"class_list":{"0":"post-19713","1":"post","2":"type-post","3":"status-publish","4":"format-standard","5":"has-post-thumbnail","7":"category-destaques","8":"category-geral","9":"category-noticias"},"_links":{"self":[{"href":"https:\/\/sertsc.org.br\/site\/wp-json\/wp\/v2\/posts\/19713","targetHints":{"allow":["GET"]}}],"collection":[{"href":"https:\/\/sertsc.org.br\/site\/wp-json\/wp\/v2\/posts"}],"about":[{"href":"https:\/\/sertsc.org.br\/site\/wp-json\/wp\/v2\/types\/post"}],"author":[{"embeddable":true,"href":"https:\/\/sertsc.org.br\/site\/wp-json\/wp\/v2\/users\/2"}],"replies":[{"embeddable":true,"href":"https:\/\/sertsc.org.br\/site\/wp-json\/wp\/v2\/comments?post=19713"}],"version-history":[{"count":1,"href":"https:\/\/sertsc.org.br\/site\/wp-json\/wp\/v2\/posts\/19713\/revisions"}],"predecessor-version":[{"id":19716,"href":"https:\/\/sertsc.org.br\/site\/wp-json\/wp\/v2\/posts\/19713\/revisions\/19716"}],"wp:featuredmedia":[{"embeddable":true,"href":"https:\/\/sertsc.org.br\/site\/wp-json\/wp\/v2\/media\/19715"}],"wp:attachment":[{"href":"https:\/\/sertsc.org.br\/site\/wp-json\/wp\/v2\/media?parent=19713"}],"wp:term":[{"taxonomy":"category","embeddable":true,"href":"https:\/\/sertsc.org.br\/site\/wp-json\/wp\/v2\/categories?post=19713"},{"taxonomy":"post_tag","embeddable":true,"href":"https:\/\/sertsc.org.br\/site\/wp-json\/wp\/v2\/tags?post=19713"}],"curies":[{"name":"wp","href":"https:\/\/api.w.org\/{rel}","templated":true}]}}