{"id":19708,"date":"2024-04-01T14:59:56","date_gmt":"2024-04-01T17:59:56","guid":{"rendered":"https:\/\/sertsc.org.br\/site\/?p=19708"},"modified":"2024-04-01T14:59:56","modified_gmt":"2024-04-01T17:59:56","slug":"registrada-a-convencao-coletiva-de-trabalho-norte-nordeste-de-sc-2024","status":"publish","type":"post","link":"https:\/\/sertsc.org.br\/site\/registrada-a-convencao-coletiva-de-trabalho-norte-nordeste-de-sc-2024\/","title":{"rendered":"Registrada a Conven\u00e7\u00e3o Coletiva de Trabalho Norte\/ Nordeste de SC 2024"},"content":{"rendered":"<p>O SERT\/SC comunica que a Conven\u00e7\u00e3o Coletiva de Trabalho 2024 (CCT 2024), conclu\u00edda ap\u00f3s negocia\u00e7\u00e3o com o Sindicato dos Radialistas Profissionais e Empregados da Radiodifus\u00e3o e Televis\u00e3o da Regi\u00e3o Norte\/Nordeste do Estado de SC, foi registrada junto \u00e0 Se\u00e7\u00e3o de Rela\u00e7\u00f5es de Trabalho da Superintend\u00eancia Regional do Trabalho e Emprego\/SC.<\/p>\n<p>Acompanhe atualiza\u00e7\u00f5es no nosso site.<\/p>\n<p>Segue a CCT 2024 negociada com o Sindicato dos Radialistas Profissionais e Empregados da Radiodifus\u00e3o e Televis\u00e3o da Regi\u00e3o Norte\/Nordeste do Estado de SC.<\/p>\n<p>Segue Link da CCT Norte\/Nordeste de SC:<\/p>\n<p><a href=\"http:\/\/www3.mte.gov.br\/sistemas\/mediador\/Resumo\/ResumoVisualizar?nrSolicitacao=MR014710\/2024\">http:\/\/www3.mte.gov.br\/sistemas\/mediador\/Resumo\/ResumoVisualizar?nrSolicitacao=MR014710\/2024<\/a><\/p>\n","protected":false},"excerpt":{"rendered":"<p>O SERT\/SC comunica que a Conven\u00e7\u00e3o Coletiva de Trabalho 2024&hellip;<\/p>\n<p> <a class=\"more-link\" href=\"https:\/\/sertsc.org.br\/site\/registrada-a-convencao-coletiva-de-trabalho-norte-nordeste-de-sc-2024\/\">Leia mais<\/a><\/p>\n","protected":false},"author":2,"featured_media":19710,"comment_status":"open","ping_status":"open","sticky":false,"template":"","format":"standard","meta":{"footnotes":""},"categories":[36,33,3],"tags":[133],"class_list":{"0":"post-19708","1":"post","2":"type-post","3":"status-publish","4":"format-standard","5":"has-post-thumbnail","7":"category-artigos","8":"category-destaques","9":"category-noticias","10":"tag-cct-norte-nordeste-2024"},"_links":{"self":[{"href":"https:\/\/sertsc.org.br\/site\/wp-json\/wp\/v2\/posts\/19708","targetHints":{"allow":["GET"]}}],"collection":[{"href":"https:\/\/sertsc.org.br\/site\/wp-json\/wp\/v2\/posts"}],"about":[{"href":"https:\/\/sertsc.org.br\/site\/wp-json\/wp\/v2\/types\/post"}],"author":[{"embeddable":true,"href":"https:\/\/sertsc.org.br\/site\/wp-json\/wp\/v2\/users\/2"}],"replies":[{"embeddable":true,"href":"https:\/\/sertsc.org.br\/site\/wp-json\/wp\/v2\/comments?post=19708"}],"version-history":[{"count":1,"href":"https:\/\/sertsc.org.br\/site\/wp-json\/wp\/v2\/posts\/19708\/revisions"}],"predecessor-version":[{"id":19711,"href":"https:\/\/sertsc.org.br\/site\/wp-json\/wp\/v2\/posts\/19708\/revisions\/19711"}],"wp:featuredmedia":[{"embeddable":true,"href":"https:\/\/sertsc.org.br\/site\/wp-json\/wp\/v2\/media\/19710"}],"wp:attachment":[{"href":"https:\/\/sertsc.org.br\/site\/wp-json\/wp\/v2\/media?parent=19708"}],"wp:term":[{"taxonomy":"category","embeddable":true,"href":"https:\/\/sertsc.org.br\/site\/wp-json\/wp\/v2\/categories?post=19708"},{"taxonomy":"post_tag","embeddable":true,"href":"https:\/\/sertsc.org.br\/site\/wp-json\/wp\/v2\/tags?post=19708"}],"curies":[{"name":"wp","href":"https:\/\/api.w.org\/{rel}","templated":true}]}}