{"id":19700,"date":"2024-03-28T14:35:49","date_gmt":"2024-03-28T17:35:49","guid":{"rendered":"https:\/\/sertsc.org.br\/site\/?p=19700"},"modified":"2024-03-28T14:35:49","modified_gmt":"2024-03-28T17:35:49","slug":"concluida-cct-2024-norte-nordeste-de-sc","status":"publish","type":"post","link":"https:\/\/sertsc.org.br\/site\/concluida-cct-2024-norte-nordeste-de-sc\/","title":{"rendered":"Conclu\u00edda CCT 2024 Norte\/Nordeste de SC"},"content":{"rendered":"<div>As negocia\u00e7\u00f5es referentes \u00e0 Conven\u00e7\u00e3o Coletiva de Trabalho (CCT) foram conclu\u00eddas nesta semana entre os representantes do Sindicato do Norte\/ Nordeste e do Sindicato das Empresas de R\u00e1dio e Televis\u00e3o de Santa Catarina (SERT\/SC). Foi aprovada a Conven\u00e7\u00e3o Coletiva de Trabalho 2024 e o documento j\u00e1 est\u00e1 em tr\u00e2mite para registro no Minist\u00e9rio P\u00fablico.<\/div>\n<div>Embora a CCT na \u00edntegra somente possa ser divulgada ap\u00f3s a homologa\u00e7\u00e3o do Minist\u00e9rio P\u00fablico, para oferecer maior agilidade \u00e0s empresas de radiodifus\u00e3o e escrit\u00f3rios de contabilidade que atuam na realiza\u00e7\u00e3o da folha do setor, seguem as informa\u00e7\u00f5es referentes a:<\/div>\n<div><\/div>\n<div><strong>CL\u00c1USULA TERCEIRA &#8211; PISO SALARIAL<\/strong><\/div>\n<div><strong>VIG\u00caNCIA DA CL\u00c1USULA: 01\/03\/2024 a 28\/02\/2025<\/strong><\/div>\n<div>Os Radialistas que desempenham fun\u00e7\u00f5es n\u00e3o regulamentadas, pela Lei no 6.615\/78 e Decreto n\u00ba 9.329\/18, ou seja, os que desempenham fun\u00e7\u00f5es gerais, auxiliares ou administrativas e inclusive Menor Aprendiz ter\u00e3o assegurados, a partir de 1\u00ba de mar\u00e7o de 2024, o piso salarial de <strong>R$ 1.412,00 (um mil, quatrocentos e doze reais)<\/strong>, ficam exclu\u00eddos do piso acima referido os empregados que desempenham as fun\u00e7\u00f5es de &#8220;office-boys&#8221; e o pessoal de limpeza;<\/div>\n<div>Os Radialistas que desempenham fun\u00e7\u00f5es regulamentadas pela Lei n\u00ba. 6.615\/78 e Decreto n\u00ba. 9.329\/18 ter\u00e3o assegurados, a partir de 1\u00ba de mar\u00e7o de 2024, o piso salarial de <strong>R$ 1.589,13 (um mil, quinhentos e oitenta e nove reais e treze centavos).<\/strong><\/div>\n<div>Se a jornada de trabalho, dos Radialistas, for inferior \u00e0 legal, \u00e9 devido o piso salarial, salvo se contratado com hor\u00e1rio reduzido, caso em que ser\u00e1 observada a proporcionalidade.<\/div>\n<div><\/div>\n<div><strong>CL\u00c1USULA QUARTA &#8211; REAJUSTE SALARIAL<\/strong><\/div>\n<div><strong>VIG\u00caNCIA DA CL\u00c1USULA: 01\/03\/2024 a 28\/02\/2025<\/strong><\/div>\n<div>Convencionam as partes que os sal\u00e1rios dos empregados radialistas representados pelo Sindicato Profissional ser\u00e3o reajustados em 1\u00ba de mar\u00e7o de 2024 da seguinte forma:<\/div>\n<div><strong>Aplicar-se-\u00e1 o \u00edndice de 4,20% (quatro v\u00edrgula vinte por cento) sobre o valor do sal\u00e1rio vigente em 1\u00ba de mar\u00e7o de 2023.<\/strong><\/div>\n<div><\/div>\n<div>T\u00e3o logo ocorra a homologa\u00e7\u00e3o, a CCT na \u00edntegra ser\u00e1 divulgada nos canais de comunica\u00e7\u00e3o do SERT\/SC.<\/div>\n<div><\/div>\n<div>Humberto Ohf de Andrade<\/div>\n<div>Presidente<\/div>\n","protected":false},"excerpt":{"rendered":"<p>As negocia\u00e7\u00f5es referentes \u00e0 Conven\u00e7\u00e3o Coletiva de Trabalho (CCT) foram&hellip;<\/p>\n<p> <a class=\"more-link\" href=\"https:\/\/sertsc.org.br\/site\/concluida-cct-2024-norte-nordeste-de-sc\/\">Leia mais<\/a><\/p>\n","protected":false},"author":2,"featured_media":19701,"comment_status":"open","ping_status":"open","sticky":false,"template":"","format":"standard","meta":{"footnotes":""},"categories":[36,33,3],"tags":[],"class_list":{"0":"post-19700","1":"post","2":"type-post","3":"status-publish","4":"format-standard","5":"has-post-thumbnail","7":"category-artigos","8":"category-destaques","9":"category-noticias"},"_links":{"self":[{"href":"https:\/\/sertsc.org.br\/site\/wp-json\/wp\/v2\/posts\/19700","targetHints":{"allow":["GET"]}}],"collection":[{"href":"https:\/\/sertsc.org.br\/site\/wp-json\/wp\/v2\/posts"}],"about":[{"href":"https:\/\/sertsc.org.br\/site\/wp-json\/wp\/v2\/types\/post"}],"author":[{"embeddable":true,"href":"https:\/\/sertsc.org.br\/site\/wp-json\/wp\/v2\/users\/2"}],"replies":[{"embeddable":true,"href":"https:\/\/sertsc.org.br\/site\/wp-json\/wp\/v2\/comments?post=19700"}],"version-history":[{"count":1,"href":"https:\/\/sertsc.org.br\/site\/wp-json\/wp\/v2\/posts\/19700\/revisions"}],"predecessor-version":[{"id":19702,"href":"https:\/\/sertsc.org.br\/site\/wp-json\/wp\/v2\/posts\/19700\/revisions\/19702"}],"wp:featuredmedia":[{"embeddable":true,"href":"https:\/\/sertsc.org.br\/site\/wp-json\/wp\/v2\/media\/19701"}],"wp:attachment":[{"href":"https:\/\/sertsc.org.br\/site\/wp-json\/wp\/v2\/media?parent=19700"}],"wp:term":[{"taxonomy":"category","embeddable":true,"href":"https:\/\/sertsc.org.br\/site\/wp-json\/wp\/v2\/categories?post=19700"},{"taxonomy":"post_tag","embeddable":true,"href":"https:\/\/sertsc.org.br\/site\/wp-json\/wp\/v2\/tags?post=19700"}],"curies":[{"name":"wp","href":"https:\/\/api.w.org\/{rel}","templated":true}]}}