{"id":19556,"date":"2020-04-09T11:55:06","date_gmt":"2020-04-09T14:55:06","guid":{"rendered":"http:\/\/www.sertsc.org.br\/site\/?p=12280"},"modified":"2020-04-09T11:55:06","modified_gmt":"2020-04-09T14:55:06","slug":"voucher-pre-pago-pode-ser-custeado-com-sobra-da-tv-digital-e-nao-com-fistel","status":"publish","type":"post","link":"https:\/\/sertsc.org.br\/site\/voucher-pre-pago-pode-ser-custeado-com-sobra-da-tv-digital-e-nao-com-fistel\/","title":{"rendered":"Voucher pr\u00e9-pago pode ser custeado com sobra da TV digital e n\u00e3o com FISTEL"},"content":{"rendered":"<p style=\"text-align: justify;\">Anatel, governo e operadoras de telecomunica\u00e7\u00f5es ainda n\u00e3o fecharam a modelagem da proposta para a oferta de servi\u00e7os subsidiados \u00e0 popula\u00e7\u00e3o de baixa renda. O programa, j\u00e1 batizado de \u201cConex\u00e3o Solid\u00e1ria\u201d, est\u00e1 ainda em formata\u00e7\u00e3o, mas envolver\u00e1 servi\u00e7os de telefonia m\u00f3vel, que t\u00eam mais alcance entre a popula\u00e7\u00e3o a ser contemplada.<\/p>\n<p style=\"text-align: justify;\">O jornal Folha de S. Paulo publicou no dia 8, not\u00edcia de que seria distribu\u00eddo um voucher no valor equivalente a R$ 30,00 por tr\u00eas meses para a popula\u00e7\u00e3o de baixa renda, que seria custeado com os recursos do Fistel. Mas diferentes fontes ouvidas pelo\u00a0<em>Tele.S\u00edntese<\/em>\u00a0n\u00e3o confirmam essa informa\u00e7\u00e3o.<\/p>\n<p style=\"text-align: justify;\">A proposta apresentada pelas operadoras \u00e0 Anatel, que depois ainda ter\u00e1 que ser costurada com o Minist\u00e9rio da Ci\u00eancia, Tecnologia, Inova\u00e7\u00f5es e Comunica\u00e7\u00f5es e com o Minist\u00e9rio da Economia \u00e9 de que seja concedido um subs\u00eddio para as operadoras repassarem para os celulares pr\u00e9-pagos para\u00a0 os cadastrados no Bolsa Fam\u00edlia. Essas fam\u00edlias teriam direito a usar no pr\u00e9-pago servi\u00e7os que inclu\u00edram uma franquia de comunica\u00e7\u00e3o de dados, envio de SMS e consumo de voz.\u00a0 Negocia-se qual \u00e9 o tamanho dessa oferta.<\/p>\n<p style=\"text-align: justify;\"><strong>Recursos<\/strong><\/p>\n<p style=\"text-align: justify;\">E as operadoras tamb\u00e9m apresentaram uma proposta nova em rela\u00e7\u00e3o \u00e0s fontes de recursos para custear esse programa. Inicialmente, deveria ser usada a parte que cabe \u00e0s operadoras de telecomunica\u00e7\u00f5es dos recursos que est\u00e3o parados \u00e0 espera de uma aplica\u00e7\u00e3o,<a href=\"http:\/\/www.telesintese.com.br\/mctic-define-aplicacao-dos-saldos-da-digitalizacao-da-tv-aberta\/\" target=\"_blank\" rel=\"noopener noreferrer\">\u00a0conhecidos no setor como \u201ca sobra da EAD\u201d.<\/a><\/p>\n<p style=\"text-align: justify;\">S\u00e3o os recursos que foram depositados pelas empresas de celular que compraram<a href=\"http:\/\/www.telesintese.com.br\/anatel-homologa-leilao-da-faixa-de-700-mhz\/\" target=\"_blank\" rel=\"noopener noreferrer\">\u00a0as frequ\u00eancias de 700 MHz no leil\u00e3o da Anatel<\/a>\u00a0e que seriam utilizados na migra\u00e7\u00e3o das TVs abertas anal\u00f3gicas para os canais digitais.<\/p>\n<p style=\"text-align: justify;\">A digitaliza\u00e7\u00e3o foi feita, e mesmo assim sobraram cerca de R$ 800 milh\u00f5es. Metade desses recursos ser\u00e1 usada pela radiodifus\u00e3o, para digitalizar as TVs do interior do pa\u00eds. O restante, prop\u00f5em as operadoras, seria direcionado para esse voucher pr\u00e9-pago.<\/p>\n<p style=\"text-align: justify;\">Al\u00e9m de cerca de R$ 400 milh\u00f5es, o subs\u00eddio contaria tamb\u00e9m, preferencialmente, com os recursos do Fust (Fundo de Universaliza\u00e7\u00e3o) e, somente em terceira hip\u00f3tese, seriam usados os recursos do Fistel.<\/p>\n<p style=\"text-align: justify;\">As negocia\u00e7\u00f5es continuam.<\/p>\n<p style=\"text-align: justify;\">Fonte: Teles\u00edntese<\/p>\n","protected":false},"excerpt":{"rendered":"<p>Anatel, governo e operadoras de telecomunica\u00e7\u00f5es ainda n\u00e3o fecharam a&hellip;<\/p>\n<p> <a class=\"more-link\" href=\"https:\/\/sertsc.org.br\/site\/voucher-pre-pago-pode-ser-custeado-com-sobra-da-tv-digital-e-nao-com-fistel\/\">Leia mais<\/a><\/p>\n","protected":false},"author":1,"featured_media":12281,"comment_status":"closed","ping_status":"open","sticky":false,"template":"","format":"standard","meta":{"footnotes":""},"categories":[3],"tags":[],"class_list":{"0":"post-19556","1":"post","2":"type-post","3":"status-publish","4":"format-standard","5":"has-post-thumbnail","7":"category-noticias"},"_links":{"self":[{"href":"https:\/\/sertsc.org.br\/site\/wp-json\/wp\/v2\/posts\/19556","targetHints":{"allow":["GET"]}}],"collection":[{"href":"https:\/\/sertsc.org.br\/site\/wp-json\/wp\/v2\/posts"}],"about":[{"href":"https:\/\/sertsc.org.br\/site\/wp-json\/wp\/v2\/types\/post"}],"author":[{"embeddable":true,"href":"https:\/\/sertsc.org.br\/site\/wp-json\/wp\/v2\/users\/1"}],"replies":[{"embeddable":true,"href":"https:\/\/sertsc.org.br\/site\/wp-json\/wp\/v2\/comments?post=19556"}],"version-history":[{"count":0,"href":"https:\/\/sertsc.org.br\/site\/wp-json\/wp\/v2\/posts\/19556\/revisions"}],"wp:featuredmedia":[{"embeddable":true,"href":"https:\/\/sertsc.org.br\/site\/wp-json\/"}],"wp:attachment":[{"href":"https:\/\/sertsc.org.br\/site\/wp-json\/wp\/v2\/media?parent=19556"}],"wp:term":[{"taxonomy":"category","embeddable":true,"href":"https:\/\/sertsc.org.br\/site\/wp-json\/wp\/v2\/categories?post=19556"},{"taxonomy":"post_tag","embeddable":true,"href":"https:\/\/sertsc.org.br\/site\/wp-json\/wp\/v2\/tags?post=19556"}],"curies":[{"name":"wp","href":"https:\/\/api.w.org\/{rel}","templated":true}]}}