{"id":19555,"date":"2020-04-09T11:50:33","date_gmt":"2020-04-09T14:50:33","guid":{"rendered":"http:\/\/www.sertsc.org.br\/site\/?p=12277"},"modified":"2020-04-09T11:50:33","modified_gmt":"2020-04-09T14:50:33","slug":"economia-da-ok-para-adiamento-do-fistel-para-agosto-mas-recursos-para-subsidio-ainda-sao-incertos","status":"publish","type":"post","link":"https:\/\/sertsc.org.br\/site\/economia-da-ok-para-adiamento-do-fistel-para-agosto-mas-recursos-para-subsidio-ainda-sao-incertos\/","title":{"rendered":"Economia d\u00e1 ok para adiamento do Fistel para agosto, mas recursos para subs\u00eddio ainda s\u00e3o incertos"},"content":{"rendered":"<p style=\"text-align: justify;\">A possibilidade de cria\u00e7\u00e3o de um voucher para usu\u00e1rios de servi\u00e7os de telecomunica\u00e7\u00f5es de baixa renda durante a crise do Coronav\u00edrus ainda n\u00e3o est\u00e1 desenhada nem foi proposta pela Anatel ao governo. O que existe de concreto at\u00e9 o momento, segundo apurou este notici\u00e1rio, \u00e9 o desenho de uma Medida Provis\u00f3ria pelo Minist\u00e9rio da Ci\u00eancia, Tecnologia, Inova\u00e7\u00f5es e Comunica\u00e7\u00f5es (MCTIC) para permitir o alongamento ainda maior do prazo de pagamento do Fistel at\u00e9 agosto, conforme aval que teria sido dado pelo ministro Paulo Guedes (Economia) ap\u00f3s conversa com as principais operadoras. Mas o benef\u00edcio que as empresas teriam com este diferimento, em termos de ganhos financeiros, n\u00e3o seria suficiente para subsidiar uma pol\u00edtica mas ampla.<\/p>\n<p style=\"text-align: justify;\">As pr\u00f3prias operadoras j\u00e1 propuseram ao governo uma esp\u00e9cie de programa de conex\u00e3o solid\u00e1ria, que viabilizasse pelo menos aos benefici\u00e1rios do Bolsa Fam\u00edlia a gratuidade dos servi\u00e7os de voz, SMS e dados at\u00e9 1 GB de franquia,\u00a0<a href=\"https:\/\/teletime.com.br\/02\/04\/2020\/pequenas-operadoras-do-mexico-manterao-servicos-a-inadimplentes\/\" target=\"_blank\" rel=\"noopener noreferrer follow\" data-wpel-link=\"internal\">semelhante a uma projeto no M\u00e9xico<\/a>. Mas isso depende de uma fonte de financiamento para al\u00e9m do diferimento do Fistel. Esta proposta foi apresentada ao ministro Paulo Guedes e ao ministro Braga Netto (Casa Civil).<\/p>\n<div class=\"related-post grid\" style=\"text-align: justify;\"><\/div>\n<p style=\"text-align: justify;\">A Folha de S. Paulo\u00a0<a href=\"https:\/\/www1.folha.uol.com.br\/mercado\/2020\/04\/anatel-e-teles-propoem-vale-de-r-30-para-clientes-de-baixo-poder-aquisitivo.shtml\" target=\"_blank\" rel=\"noopener noreferrer nofollow external\" data-wpel-link=\"external\">tamb\u00e9m informou na noite de ter\u00e7a-feira, 7<\/a>, sobre uma proposta de cria\u00e7\u00e3o de voucher de R$ 30 acordado inclusive com a Anatel, mas fontes da ag\u00eancia n\u00e3o confirmam o endosso desta proposta.<\/p>\n<p style=\"text-align: justify;\">Qualquer que seja a proposta, a fonte dos recursos ainda est\u00e1 sendo estudada. As teles prop\u00f5em abatimento do pr\u00f3prio Fistel, uso de recursos do Fundo de Universaliza\u00e7\u00e3o (Fust) e at\u00e9 mesmo parte dos saldos da EAD (empresa criada para fazer a digitaliza\u00e7\u00e3o da TV aberta, que deve deixar em caixa cerca de R$ 1,4 bilh\u00e3o).<\/p>\n<p style=\"text-align: justify;\">Fonte: Teletime<\/p>\n","protected":false},"excerpt":{"rendered":"<p>A possibilidade de cria\u00e7\u00e3o de um voucher para usu\u00e1rios de&hellip;<\/p>\n<p> <a class=\"more-link\" href=\"https:\/\/sertsc.org.br\/site\/economia-da-ok-para-adiamento-do-fistel-para-agosto-mas-recursos-para-subsidio-ainda-sao-incertos\/\">Leia mais<\/a><\/p>\n","protected":false},"author":1,"featured_media":12278,"comment_status":"closed","ping_status":"open","sticky":false,"template":"","format":"standard","meta":{"footnotes":""},"categories":[129,3],"tags":[],"class_list":{"0":"post-19555","1":"post","2":"type-post","3":"status-publish","4":"format-standard","5":"has-post-thumbnail","7":"category-cursos-ead","8":"category-noticias"},"_links":{"self":[{"href":"https:\/\/sertsc.org.br\/site\/wp-json\/wp\/v2\/posts\/19555","targetHints":{"allow":["GET"]}}],"collection":[{"href":"https:\/\/sertsc.org.br\/site\/wp-json\/wp\/v2\/posts"}],"about":[{"href":"https:\/\/sertsc.org.br\/site\/wp-json\/wp\/v2\/types\/post"}],"author":[{"embeddable":true,"href":"https:\/\/sertsc.org.br\/site\/wp-json\/wp\/v2\/users\/1"}],"replies":[{"embeddable":true,"href":"https:\/\/sertsc.org.br\/site\/wp-json\/wp\/v2\/comments?post=19555"}],"version-history":[{"count":0,"href":"https:\/\/sertsc.org.br\/site\/wp-json\/wp\/v2\/posts\/19555\/revisions"}],"wp:featuredmedia":[{"embeddable":true,"href":"https:\/\/sertsc.org.br\/site\/wp-json\/"}],"wp:attachment":[{"href":"https:\/\/sertsc.org.br\/site\/wp-json\/wp\/v2\/media?parent=19555"}],"wp:term":[{"taxonomy":"category","embeddable":true,"href":"https:\/\/sertsc.org.br\/site\/wp-json\/wp\/v2\/categories?post=19555"},{"taxonomy":"post_tag","embeddable":true,"href":"https:\/\/sertsc.org.br\/site\/wp-json\/wp\/v2\/tags?post=19555"}],"curies":[{"name":"wp","href":"https:\/\/api.w.org\/{rel}","templated":true}]}}