{"id":19554,"date":"2020-04-09T11:45:52","date_gmt":"2020-04-09T14:45:52","guid":{"rendered":"http:\/\/www.sertsc.org.br\/site\/?p=12273"},"modified":"2020-04-09T11:45:52","modified_gmt":"2020-04-09T14:45:52","slug":"meios-de-comunicacao-se-unem-para-transmitir-celebracoes-da-pascoa","status":"publish","type":"post","link":"https:\/\/sertsc.org.br\/site\/meios-de-comunicacao-se-unem-para-transmitir-celebracoes-da-pascoa\/","title":{"rendered":"Meios de comunica\u00e7\u00e3o se unem para transmitir celebra\u00e7\u00f5es da P\u00e1scoa"},"content":{"rendered":"<p style=\"text-align: justify;\">Tradicional celebra\u00e7\u00e3o religiosa, a Semana Santa de 2020 ser\u00e1 adaptada \u00e0 nova realidade. Em tempos de pandemia de coronav\u00edrus, as liturgias que costumam reunir milh\u00f5es de fi\u00e9is aglomerados em igrejas e ruas, ser\u00e3o transmitidas, em tempo real, por emissoras de r\u00e1dio e TV.<\/p>\n<p style=\"text-align: justify;\">Diante da orienta\u00e7\u00e3o do Vaticano, cidades de todo o Brasil est\u00e3o anunciando a suspens\u00e3o de celebra\u00e7\u00f5es p\u00fablicas e a transmiss\u00e3o das missas e vig\u00edlias ser\u00e1 feita pelas emissoras de radiodifus\u00e3o. A inten\u00e7\u00e3o \u00e9 evitar o cont\u00e1gio pelo v\u00edrus e, de quebra, transformar os lares em locais de prece, resgatando o sentido do conv\u00edvio familiar.<\/p>\n<p style=\"text-align: justify;\">O Domingo de Ramos (5) j\u00e1 apontou as solu\u00e7\u00f5es que religiosos de todo o pa\u00eds encontraram para levar f\u00e9 aos brasileiros, sem tir\u00e1-los de casa. Os tradicionais ramos foram colocados nas portas das resid\u00eancias.<\/p>\n<p style=\"text-align: justify;\">Na maioria das cidades, os organizadores dos eventos cancelaram os tradicionais cortejos e levaram imagens sagradas em peregrina\u00e7\u00e3o pelas ruas, muitas vezes, com transmiss\u00f5es ao vivo. Tamb\u00e9m realizaram cerim\u00f4nias de ben\u00e7\u00e3o do alto de caminhonetes. Em alguns locais, as ben\u00e7\u00e3os foram concedidas a fi\u00e9is dentro de seus carros, em uma esp\u00e9cie de drive-thru, e itens como \u00e1gua benta, velas e ramos foram distribu\u00eddos.<\/p>\n<p style=\"text-align: justify;\">Na quinta-feira da Paix\u00e3o (9), a tradicional cerim\u00f4nia do lava-p\u00e9s e as prociss\u00f5es est\u00e3o proibidas. No Domingo de P\u00e1scoa (12), o Papa Francisco celebrar\u00e1 a missa na Pra\u00e7a S\u00e3o Pedro, no Vaticano, completamente vazia, repetindo a ben\u00e7\u00e3o que concedeu no dia 28 de mar\u00e7o. As aten\u00e7\u00f5es, mais uma vez, estar\u00e3o voltadas para as emissoras de r\u00e1dio e TV de todo o mundo, que levar\u00e3o a milh\u00f5es de lares, as transmiss\u00f5es da celebra\u00e7\u00e3o crist\u00e3.<\/p>\n<p><img fetchpriority=\"high\" decoding=\"async\" class=\"aligncenter wp-image-12274 size-full\" src=\"http:\/\/www.sertsc.org.br\/site\/wp-content\/uploads\/2020\/04\/papa_praca_vazia.jpg\" alt=\"This photo taken on March 22, 2020 and handout on March 23, 2020 by the Vatican Media shows Pope Francis looking out the window of the Apostolic palace overlooking a closed St. Peter's Square in the Vatican as part of the weekly Angelus prayer, during the COVID-19 new coronavirus pandemic. (Photo by Handout \/ VATICAN MEDIA \/ AFP) \/ RESTRICTED TO EDITORIAL USE - MANDATORY CREDIT &quot;AFP PHOTO \/ VATICAN MEDIA&quot; - NO MARKETING - NO ADVERTISING CAMPAIGNS - DISTRIBUTED AS A SERVICE TO CLIENTS\" width=\"660\" height=\"372\" \/><\/p>\n<p>&nbsp;<\/p>\n<p>Fonte: ABERT<\/p>\n","protected":false},"excerpt":{"rendered":"<p>Tradicional celebra\u00e7\u00e3o religiosa, a Semana Santa de 2020 ser\u00e1 adaptada&hellip;<\/p>\n<p> <a class=\"more-link\" href=\"https:\/\/sertsc.org.br\/site\/meios-de-comunicacao-se-unem-para-transmitir-celebracoes-da-pascoa\/\">Leia mais<\/a><\/p>\n","protected":false},"author":1,"featured_media":12274,"comment_status":"closed","ping_status":"open","sticky":false,"template":"","format":"standard","meta":{"footnotes":""},"categories":[3],"tags":[],"class_list":{"0":"post-19554","1":"post","2":"type-post","3":"status-publish","4":"format-standard","5":"has-post-thumbnail","7":"category-noticias"},"_links":{"self":[{"href":"https:\/\/sertsc.org.br\/site\/wp-json\/wp\/v2\/posts\/19554","targetHints":{"allow":["GET"]}}],"collection":[{"href":"https:\/\/sertsc.org.br\/site\/wp-json\/wp\/v2\/posts"}],"about":[{"href":"https:\/\/sertsc.org.br\/site\/wp-json\/wp\/v2\/types\/post"}],"author":[{"embeddable":true,"href":"https:\/\/sertsc.org.br\/site\/wp-json\/wp\/v2\/users\/1"}],"replies":[{"embeddable":true,"href":"https:\/\/sertsc.org.br\/site\/wp-json\/wp\/v2\/comments?post=19554"}],"version-history":[{"count":0,"href":"https:\/\/sertsc.org.br\/site\/wp-json\/wp\/v2\/posts\/19554\/revisions"}],"wp:featuredmedia":[{"embeddable":true,"href":"https:\/\/sertsc.org.br\/site\/wp-json\/"}],"wp:attachment":[{"href":"https:\/\/sertsc.org.br\/site\/wp-json\/wp\/v2\/media?parent=19554"}],"wp:term":[{"taxonomy":"category","embeddable":true,"href":"https:\/\/sertsc.org.br\/site\/wp-json\/wp\/v2\/categories?post=19554"},{"taxonomy":"post_tag","embeddable":true,"href":"https:\/\/sertsc.org.br\/site\/wp-json\/wp\/v2\/tags?post=19554"}],"curies":[{"name":"wp","href":"https:\/\/api.w.org\/{rel}","templated":true}]}}