{"id":19551,"date":"2020-04-08T09:54:34","date_gmt":"2020-04-08T12:54:34","guid":{"rendered":"http:\/\/www.sertsc.org.br\/site\/?p=12263"},"modified":"2020-04-08T09:54:34","modified_gmt":"2020-04-08T12:54:34","slug":"em-periodo-de-quarentena-radio-e-midia-que-mais-registra-crescimento","status":"publish","type":"post","link":"https:\/\/sertsc.org.br\/site\/em-periodo-de-quarentena-radio-e-midia-que-mais-registra-crescimento\/","title":{"rendered":"Em per\u00edodo de quarentena, r\u00e1dio \u00e9 a m\u00eddia que mais registra crescimento"},"content":{"rendered":"<div class=\"uk-margin-remove-vertical\">\n<p style=\"text-align: justify;\">Estudos divulgados pelos principais grupos do mundo colocam a r\u00e1dio como m\u00eddia que mais cresce a audi\u00eancia, no segmento, durante este per\u00edodo de quarentena realizado pelos pa\u00edses. Segundos os levantamentos, este tipo supera o crescimento de servi\u00e7o de streaming de m\u00fasica em alguns pa\u00edses.<\/p>\n<p style=\"text-align: justify;\">No Reino Unido, por exemplo, as emissoras de r\u00e1dio da BBC cresceram 18%. Por sua vez, nos Estados Unidos, dados de duas empresas de estudos de audi\u00eancia apontaram que o uso de aplicativos via streaming de m\u00fasica, como o Spotify, apresentou uma retra\u00e7\u00e3o de 8%.<\/p>\n<\/div>\n<div class=\"uk-margin-small\" style=\"text-align: justify;\"><span class=\"prefix\">Fonte:<\/span>\u00a0Coletiva.Net<\/div>\n","protected":false},"excerpt":{"rendered":"<p>Estudos divulgados pelos principais grupos do mundo colocam a r\u00e1dio&hellip;<\/p>\n<p> <a class=\"more-link\" href=\"https:\/\/sertsc.org.br\/site\/em-periodo-de-quarentena-radio-e-midia-que-mais-registra-crescimento\/\">Leia mais<\/a><\/p>\n","protected":false},"author":1,"featured_media":10404,"comment_status":"closed","ping_status":"open","sticky":false,"template":"","format":"standard","meta":{"footnotes":""},"categories":[3],"tags":[],"class_list":{"0":"post-19551","1":"post","2":"type-post","3":"status-publish","4":"format-standard","5":"has-post-thumbnail","7":"category-noticias"},"_links":{"self":[{"href":"https:\/\/sertsc.org.br\/site\/wp-json\/wp\/v2\/posts\/19551","targetHints":{"allow":["GET"]}}],"collection":[{"href":"https:\/\/sertsc.org.br\/site\/wp-json\/wp\/v2\/posts"}],"about":[{"href":"https:\/\/sertsc.org.br\/site\/wp-json\/wp\/v2\/types\/post"}],"author":[{"embeddable":true,"href":"https:\/\/sertsc.org.br\/site\/wp-json\/wp\/v2\/users\/1"}],"replies":[{"embeddable":true,"href":"https:\/\/sertsc.org.br\/site\/wp-json\/wp\/v2\/comments?post=19551"}],"version-history":[{"count":0,"href":"https:\/\/sertsc.org.br\/site\/wp-json\/wp\/v2\/posts\/19551\/revisions"}],"wp:featuredmedia":[{"embeddable":true,"href":"https:\/\/sertsc.org.br\/site\/wp-json\/"}],"wp:attachment":[{"href":"https:\/\/sertsc.org.br\/site\/wp-json\/wp\/v2\/media?parent=19551"}],"wp:term":[{"taxonomy":"category","embeddable":true,"href":"https:\/\/sertsc.org.br\/site\/wp-json\/wp\/v2\/categories?post=19551"},{"taxonomy":"post_tag","embeddable":true,"href":"https:\/\/sertsc.org.br\/site\/wp-json\/wp\/v2\/tags?post=19551"}],"curies":[{"name":"wp","href":"https:\/\/api.w.org\/{rel}","templated":true}]}}