{"id":19550,"date":"2020-04-08T09:30:15","date_gmt":"2020-04-08T12:30:15","guid":{"rendered":"http:\/\/www.sertsc.org.br\/site\/?p=12260"},"modified":"2020-04-08T09:30:15","modified_gmt":"2020-04-08T12:30:15","slug":"iab-preve-quedas-em-investimento-publicitario-ate-junho-situacao-afeta-campanhas-no-digital-e-no-offline","status":"publish","type":"post","link":"https:\/\/sertsc.org.br\/site\/iab-preve-quedas-em-investimento-publicitario-ate-junho-situacao-afeta-campanhas-no-digital-e-no-offline\/","title":{"rendered":"IAB prev\u00ea quedas em investimento publicit\u00e1rio at\u00e9 junho. Situa\u00e7\u00e3o afeta campanhas no digital e no offline"},"content":{"rendered":"<p style=\"text-align: justify;\">O IAB, principal entidade do mercado publicit\u00e1rio digital, divulgou em 27 de mar\u00e7o o &#8220;Coronavirus Adspend Report- Buy Side&#8221;. O relat\u00f3rio conta com uma s\u00e9rie de informa\u00e7\u00f5es sobre o recuo do investimento publicit\u00e1rio nos Estados Unidos, durante a pandemia do novo coronav\u00edrus. Segundo os dados levantados pelo IAB, o per\u00edodo atual tende a ser o de maior retra\u00e7\u00e3o e esse cen\u00e1rio \u00e9 observado em campanhas no digital e no offline. Situa\u00e7\u00e3o vai na contra-m\u00e3o do consumo e da credibilidade de meios como o r\u00e1dio, que est\u00e3o fortalecidos perante o p\u00fablico.<\/p>\n<p style=\"text-align: justify;\">Para o r\u00e1dio terrestre, ou seja, sem considerar campanhas e canais utilizados pelo meio em ambientes digitais (como streaming, portais, aplicativos, canais sociais, entre outros), o recuo no bimestre mar\u00e7o\/abril tende a ser de 45% nos Estados Unidos, isso na compara\u00e7\u00e3o com o volume original previsto (antes da pandemia).<\/p>\n<p style=\"text-align: justify;\">A sequ\u00eancia negativa deve seguir no bimestre seguinte, segundo o IAB. Mas h\u00e1 uma possibilidade de retra\u00e7\u00e3o da queda. Neste caso, o r\u00e1dio deve registrar um recuo de 35% no investimento de m\u00eddia na compara\u00e7\u00e3o com o planejamento de m\u00eddia original.<\/p>\n<p style=\"text-align: justify;\">Essa proje\u00e7\u00e3o do IAB segue para os pr\u00f3ximos seis meses e n\u00e3o atinge apenas o r\u00e1dio. Todos os segmentos de m\u00eddia devem ser afetados, inclusive o digital. No caso da m\u00eddia program\u00e1tica, j\u00e1 \u00e9 observada uma queda de 41% no chamado &#8220;display&#8221;, que \u00e9 o formato de banner que aparece em portais e aplicativos (bimestre mar\u00e7o\/abril).<\/p>\n<p style=\"text-align: justify;\">O v\u00eddeo no digital, outro formato que esteve em alta at\u00e9 antes da pandemia, ter\u00e1 recuos de 37% e 26%, respectivamente (mar\/abr e mai\/jun), isso segundo proje\u00e7\u00e3o do IAB. E a publicidade em m\u00eddias sociais o recuo poder\u00e1 ser de 33% neste bimestre e 23% no seguinte.<\/p>\n<p style=\"text-align: justify;\">Para se ter uma ideia da retra\u00e7\u00e3o da publicidade em plataformas sociais no digital, no final de mar\u00e7o o Facebook teve uma queda de 50% em sua receita com publicidade desde dezembro de 2019. O dado foi levantado pela empresa Social Bakers, em an\u00e1lise publicada em 25 de mar\u00e7o chamada &#8220;COVID-19 Is Changing Behavior on Social Media for Both Brands and Users&#8221;.<\/p>\n<p style=\"text-align: justify;\">Apesar das proje\u00e7\u00f5es serem relacionadas ao mercado dos Estados Unidos, elas podem ser utilizadas como previs\u00f5es no mercado brasileiro. O per\u00edodo agudo da pandemia do novo coronav\u00edrus no territ\u00f3rio norte-americano praticamente coincide com a situa\u00e7\u00e3o no Brasil, em rela\u00e7\u00e3o ao panorama econ\u00f4mico.<\/p>\n<p style=\"text-align: justify;\"><img fetchpriority=\"high\" decoding=\"async\" class=\"aligncenter wp-image-12261 size-full\" src=\"http:\/\/www.sertsc.org.br\/site\/wp-content\/uploads\/2020\/04\/5e8da80656b70.png\" alt=\"5e8da80656b70\" width=\"750\" height=\"423\" \/><\/p>\n<p style=\"text-align: justify;\">\n<p style=\"text-align: justify;\">\n<p style=\"text-align: justify;\"><strong>Na contra-m\u00e3o<\/strong><\/p>\n<p style=\"text-align: justify;\">A retra\u00e7\u00e3o dos investimentos em publicidade est\u00e1 alinhada ao momento de crise econ\u00f4mica, com a diminui\u00e7\u00e3o do consumo em praticamente todos os pa\u00edses do ocidente. Ou seja, n\u00e3o est\u00e1 relacionada aos ve\u00edculos e aos formatos de an\u00fancio.<\/p>\n<p style=\"text-align: justify;\">E essa diminui\u00e7\u00e3o dos an\u00fancios ocorre na contra-m\u00e3o do que est\u00e1 acontecendo com a m\u00eddia, seja ela a digital ou a offline.\u00a0<strong><a href=\"https:\/\/tudoradio.com\/noticias\/ver\/23253-o-radio-hoje-coronavirus-impacta-diretamente-na-audiencia-e-no-comercial-de-radio-em-diferentes-paises-do-mundo\">Todas as plataformas est\u00e3o ampliando sua audi\u00eancia durante a pandemia, isso em v\u00e1rios pa\u00edses do mundo<\/a><\/strong>. E o r\u00e1dio est\u00e1 acompanhando essa tend\u00eancia de crescimento.<\/p>\n<p style=\"text-align: justify;\">Segundo uma s\u00e9rie de artigos publicados pelo\u00a0<strong>tudoradio.com<\/strong>\u00a0nas \u00faltimas semanas,\u00a0<strong><a href=\"https:\/\/tudoradio.com\/noticias\/ver\/23285-portal-tudoradiocom-publica-serie-de-artigos-que-podem-auxiliar-radios-e-profissionais-em-epoca-de-pandemia-do-novo-coronavirus\">a pandemia do novo coronav\u00edrus pode servir de fortalecimento de ve\u00edculos como o r\u00e1dio e a consolida\u00e7\u00e3o de marcas e de sua credibilidade<\/a><\/strong>. Por\u00e9m o maior desafio estar\u00e1 na forma de alinhar a opera\u00e7\u00e3o com uma eventual queda de faturamento.<\/p>\n<p style=\"text-align: justify;\">A comunica\u00e7\u00e3o das marcas em meios como o r\u00e1dio \u00e9 bem vista pelos consumidores. A Edelman realizou um levantamento para saber da popula\u00e7\u00e3o como as empresas devem proceder durante este per\u00edodo.\u00a0<strong><a href=\"https:\/\/tudoradio.com\/noticias\/ver\/23294-nova-pesquisa-mostra-que-53-dos-consumidores-preferem-que-marcas-comuniquem-suas-acoes-pelo-radio-e-tv\">Para mais da metade dos pesquisados (53%), as empresas devem comunicar suas a\u00e7\u00f5es por meio das m\u00eddias tradicionais, como o r\u00e1dio<\/a><\/strong>.<\/p>\n<p style=\"text-align: justify;\">Se antecipar aos anunciantes, oferecendo orienta\u00e7\u00e3o e novos modelos para acordos comerciais, tendem a ser uma das principais alternativas.<\/p>\n<p style=\"text-align: justify;\">Outro ponto importante \u00e9 a necessidade de se manter a publicidade durante o per\u00edodo de crise, tendo consci\u00eancia que marcas precisam ser lembradas para depois serem consumidas. Com alcance e frequ\u00eancia sendo os seus principais atributos, o r\u00e1dio tende a auxiliar diretamente nesse caso.<\/p>\n<p>&nbsp;<\/p>\n<p>Fonte: Tudor\u00e1dio<\/p>\n","protected":false},"excerpt":{"rendered":"<p>O IAB, principal entidade do mercado publicit\u00e1rio digital, divulgou em&hellip;<\/p>\n<p> <a class=\"more-link\" href=\"https:\/\/sertsc.org.br\/site\/iab-preve-quedas-em-investimento-publicitario-ate-junho-situacao-afeta-campanhas-no-digital-e-no-offline\/\">Leia mais<\/a><\/p>\n","protected":false},"author":1,"featured_media":12261,"comment_status":"closed","ping_status":"open","sticky":false,"template":"","format":"standard","meta":{"footnotes":""},"categories":[3],"tags":[],"class_list":{"0":"post-19550","1":"post","2":"type-post","3":"status-publish","4":"format-standard","5":"has-post-thumbnail","7":"category-noticias"},"_links":{"self":[{"href":"https:\/\/sertsc.org.br\/site\/wp-json\/wp\/v2\/posts\/19550","targetHints":{"allow":["GET"]}}],"collection":[{"href":"https:\/\/sertsc.org.br\/site\/wp-json\/wp\/v2\/posts"}],"about":[{"href":"https:\/\/sertsc.org.br\/site\/wp-json\/wp\/v2\/types\/post"}],"author":[{"embeddable":true,"href":"https:\/\/sertsc.org.br\/site\/wp-json\/wp\/v2\/users\/1"}],"replies":[{"embeddable":true,"href":"https:\/\/sertsc.org.br\/site\/wp-json\/wp\/v2\/comments?post=19550"}],"version-history":[{"count":0,"href":"https:\/\/sertsc.org.br\/site\/wp-json\/wp\/v2\/posts\/19550\/revisions"}],"wp:featuredmedia":[{"embeddable":true,"href":"https:\/\/sertsc.org.br\/site\/wp-json\/"}],"wp:attachment":[{"href":"https:\/\/sertsc.org.br\/site\/wp-json\/wp\/v2\/media?parent=19550"}],"wp:term":[{"taxonomy":"category","embeddable":true,"href":"https:\/\/sertsc.org.br\/site\/wp-json\/wp\/v2\/categories?post=19550"},{"taxonomy":"post_tag","embeddable":true,"href":"https:\/\/sertsc.org.br\/site\/wp-json\/wp\/v2\/tags?post=19550"}],"curies":[{"name":"wp","href":"https:\/\/api.w.org\/{rel}","templated":true}]}}