{"id":19549,"date":"2020-04-07T11:10:06","date_gmt":"2020-04-07T14:10:06","guid":{"rendered":"http:\/\/www.sertsc.org.br\/site\/?p=12246"},"modified":"2020-04-07T11:10:06","modified_gmt":"2020-04-07T14:10:06","slug":"decisao-cautelar-do-stf-em-acao-direta-de-inconstitucionalidade-altera-regras-da-mp-9362020","status":"publish","type":"post","link":"https:\/\/sertsc.org.br\/site\/decisao-cautelar-do-stf-em-acao-direta-de-inconstitucionalidade-altera-regras-da-mp-9362020\/","title":{"rendered":"Decis\u00e3o cautelar do STF em A\u00e7\u00e3o Direta de Inconstitucionalidade altera regras da MP 936\/2020"},"content":{"rendered":"<p style=\"text-align: justify;\">O Partido Pol\u00edtico Rede Sustentabilidade ingressou com medida cautelar em A\u00e7\u00e3o Direta de Inconstitucionalidade (n\u00b0 6.363), no Supremo Tribunal Federal (STF), questionando a constitucionalidade de parte da Medida Provis\u00f3ria 936\/2020, que institui o Programa Emergencial de Manuten\u00e7\u00e3o do Emprego e da Renda e disp\u00f5e sobre medidas trabalhistas complementares para enfrentamento do estado de calamidade p\u00fablica reconhecido pelo Decreto Legislativo n\u00ba 6, de 20 de mar\u00e7o de 2020, <em>especificamente<\/em> afeta a aplicabilidade da <strong>redu\u00e7\u00e3o proporcional<\/strong> da jornada de trabalho e de sal\u00e1rio e a <strong>suspens\u00e3o tempor\u00e1ria<\/strong> do contrato de trabalho, <strong><u>por meio do acordo individual<\/u><\/strong> escrito entre empregado e empregador.<\/p>\n<p style=\"text-align: justify;\">A a\u00e7\u00e3o foi recebida pelo STF e tem como rela\u00e7\u00e3o o Ministro Ricardo Lewandowski, que em primeira an\u00e1lise <strong>deferir em parte a cautelar<\/strong>, ad referendum do Plen\u00e1rio do Supremo Tribunal Federal, para dar interpreta\u00e7\u00e3o conforme \u00e0 Constitui\u00e7\u00e3o ao \u00a7 4\u00ba do art. 11 da Medida Provis\u00f3ria 936\/2020, de maneira a assentar que \u201c[os] acordos insuspens\u00e3o tempor\u00e1ria de contrato de trabalho <em>dever\u00e3o ser comunicados pelos empregadores ao respectivo sindicato laboral, no prazo de at\u00e9 dez (10) dias corridos<\/em>, contado da data de sua celebra\u00e7\u00e3o\u201d, para que este, querendo, deflagre a negocia\u00e7\u00e3o coletiva, importando sua in\u00e9rcia em anu\u00eancia com o acordado pelas partes.<\/p>\n<p style=\"text-align: justify;\">Para as empresas que optarem em adotar uma das medidas (<strong>redu\u00e7\u00e3o da jornada ou suspens\u00e3o tempor\u00e1ria do contrato de trabalho<\/strong>), previstas na MP 936\/2020, devem comunicar o sindicado da categoria profissional, que representa os empregados, para tanto seguem os endere\u00e7os dos Sindicatos Profissional dos Radialista:<\/p>\n<p style=\"text-align: justify;\"><strong>Sindicato dos Radialistas Profissionais e dos Trabalhadores em Empresas de Radiodifus\u00e3o e Televis\u00e3o de Santa Catarina<\/strong>.<\/p>\n<p style=\"text-align: justify;\">Presidente: Hugo Silveira Lopes \u2013 e-mail: <a href=\"mailto:hsl1934@gmail.com\">hsl1934@gmail.com<\/a><\/p>\n<p style=\"text-align: justify;\">Rua Tenente Silveira, n\u00b0 342, sala 01, centro, Florian\u00f3polis\/SC, Cep 88.010-301.<\/p>\n<p style=\"text-align: justify;\"><strong>Sindicato dos Radialista Profissionais Norte\/Nordeste de Santa Catarina.<\/strong><\/p>\n<p style=\"text-align: justify;\">Presidente: M\u00e1rio Leal \u2013 <a href=\"mailto:marinhofutsal@yahoo.com.br\">marinhofutsal@yahoo.com.br<\/a><\/p>\n<p style=\"text-align: justify;\">Rua Abdon Batista, n\u00b0 298, sala 05, centro, Joinville\/SC, Cep 89.201-010.<\/p>\n<p style=\"text-align: justify;\">O SERT\/SC est\u00e1 \u00e0 disposi\u00e7\u00e3o das emissoras de R\u00e1dio e de Televis\u00e3o para auxiliar nos procedimentos, caso seja necess\u00e1rio.<\/p>\n","protected":false},"excerpt":{"rendered":"<p>O Partido Pol\u00edtico Rede Sustentabilidade ingressou com medida cautelar em&hellip;<\/p>\n<p> <a class=\"more-link\" href=\"https:\/\/sertsc.org.br\/site\/decisao-cautelar-do-stf-em-acao-direta-de-inconstitucionalidade-altera-regras-da-mp-9362020\/\">Leia mais<\/a><\/p>\n","protected":false},"author":1,"featured_media":12247,"comment_status":"closed","ping_status":"open","sticky":false,"template":"","format":"standard","meta":{"footnotes":""},"categories":[33],"tags":[],"class_list":{"0":"post-19549","1":"post","2":"type-post","3":"status-publish","4":"format-standard","5":"has-post-thumbnail","7":"category-destaques"},"_links":{"self":[{"href":"https:\/\/sertsc.org.br\/site\/wp-json\/wp\/v2\/posts\/19549","targetHints":{"allow":["GET"]}}],"collection":[{"href":"https:\/\/sertsc.org.br\/site\/wp-json\/wp\/v2\/posts"}],"about":[{"href":"https:\/\/sertsc.org.br\/site\/wp-json\/wp\/v2\/types\/post"}],"author":[{"embeddable":true,"href":"https:\/\/sertsc.org.br\/site\/wp-json\/wp\/v2\/users\/1"}],"replies":[{"embeddable":true,"href":"https:\/\/sertsc.org.br\/site\/wp-json\/wp\/v2\/comments?post=19549"}],"version-history":[{"count":0,"href":"https:\/\/sertsc.org.br\/site\/wp-json\/wp\/v2\/posts\/19549\/revisions"}],"wp:featuredmedia":[{"embeddable":true,"href":"https:\/\/sertsc.org.br\/site\/wp-json\/"}],"wp:attachment":[{"href":"https:\/\/sertsc.org.br\/site\/wp-json\/wp\/v2\/media?parent=19549"}],"wp:term":[{"taxonomy":"category","embeddable":true,"href":"https:\/\/sertsc.org.br\/site\/wp-json\/wp\/v2\/categories?post=19549"},{"taxonomy":"post_tag","embeddable":true,"href":"https:\/\/sertsc.org.br\/site\/wp-json\/wp\/v2\/tags?post=19549"}],"curies":[{"name":"wp","href":"https:\/\/api.w.org\/{rel}","templated":true}]}}