{"id":19544,"date":"2020-04-06T09:08:11","date_gmt":"2020-04-06T12:08:11","guid":{"rendered":"http:\/\/www.sertsc.org.br\/site\/?p=12228"},"modified":"2020-04-06T09:08:11","modified_gmt":"2020-04-06T12:08:11","slug":"portal-tudoradio-com-publica-serie-de-artigos-que-podem-auxiliar-radios-e-profissionais-em-epoca-de-pandemia-do-novo-coronavirus","status":"publish","type":"post","link":"https:\/\/sertsc.org.br\/site\/portal-tudoradio-com-publica-serie-de-artigos-que-podem-auxiliar-radios-e-profissionais-em-epoca-de-pandemia-do-novo-coronavirus\/","title":{"rendered":"Portal tudoradio.com publica s\u00e9rie de artigos que podem auxiliar r\u00e1dios e profissionais em \u00e9poca de pandemia do novo coronav\u00edrus"},"content":{"rendered":"<p style=\"text-align: justify;\">O\u00a0tudoradio.com\u00a0intensificou, desde mar\u00e7o, a publica\u00e7\u00e3o de artigos com assuntos relacionados \u00e0 pandemia do coronav\u00edrus. Al\u00e9m das not\u00edcias veiculadas diariamente com a movimenta\u00e7\u00e3o no meio perante a covid-19, os colunistas do portal tamb\u00e9m publicaram textos que mostram cen\u00e1rios para o r\u00e1dio enfrentar esse per\u00edodo. Temas como fake news (not\u00edcias falsas), o papel do r\u00e1dio durante a pandemia, refor\u00e7o de marca, situa\u00e7\u00e3o comercial, disponibilidade de conte\u00fados para profissionais e dicas para trabalhar em casa est\u00e3o entre os assuntos publicados.<\/p>\n<p style=\"text-align: justify;\">Rodolfo Moura, advogado com ampla experi\u00eancia no setor de radiodifus\u00e3o, destacou que a\u00a0<strong><a href=\"https:\/\/tudoradio.com\/colunas\/ver\/433-em-tempos-de-coronavirus-a-criatividade-precisa-ser-um-diferencial-do-radiodifusor\">criatividade pode e precisa ser um diferencial do radiodifusor\u00a0<\/a><\/strong>neste per\u00edodo de pandemia. &#8220;O r\u00e1dio e a televis\u00e3o continuam com a miss\u00e3o fundamental de levar informa\u00e7\u00e3o de qualidade e com credibilidade \u00e0 popula\u00e7\u00e3o, de forma a mant\u00ea-la adequadamente atualizada sobre os fatos e orientando sobre as provid\u00eancias e os cuidados que devem ser adotados&#8221;, destaca Moura.<\/p>\n<p style=\"text-align: justify;\">Moura destaca a import\u00e2ncia de manter bons quadros nas equipes das emissoras durante o per\u00edodo. &#8220;O momento n\u00e3o \u00e9 o de dispensar os melhores colaboradores, embora seja sim necess\u00e1rio realizar algumas adequa\u00e7\u00f5es nas condi\u00e7\u00f5es de trabalho, como a implementa\u00e7\u00e3o do teletrabalho (home office) e o controle remoto das opera\u00e7\u00f5es&#8221;. Mas reconhece que existem desafios para a opera\u00e7\u00e3o, com o recuo da atividade econ\u00f4mica. E, em seu artigo, lista pontos que as r\u00e1dios podem considerar para manter uma opera\u00e7\u00e3o de destaque.<\/p>\n<p style=\"text-align: justify;\">Daniel Starck, diretor do\u00a0tudoradio.com, tamb\u00e9m publicou um texto que mostra a import\u00e2ncia do meio r\u00e1dio nesse per\u00edodo, onde o ve\u00edculo tem refor\u00e7ado &#8220;o perfil de companheirismo e como pode mudar a vida das pessoas nessa situa\u00e7\u00e3o de extrema dificuldade&#8221;. Em seu texto, o jornalista lembra de atividades e campanhas realizadas pelas emissoras, sejam de\u00a0<strong><a href=\"https:\/\/tudoradio.com\/colunas\/ver\/435-solidario-companheiro-e-informativo-o-radio-tem-seu-papel-definido-em-epoca-de-coronavirus\">apoio ao com\u00e9rcio local e tamb\u00e9m de prestar servi\u00e7o \u00e0 popula\u00e7\u00e3o<\/a><\/strong>\u00a0(com not\u00edcias ou at\u00e9 mesmo entretenimento, auxiliando o lado psicol\u00f3gico dos ouvintes em tempos de reclus\u00e3o).<\/p>\n<p style=\"text-align: justify;\">Starck n\u00e3o ignora a dificuldade comercial que o r\u00e1dio j\u00e1 enfrenta, mas lembra que isso n\u00e3o \u00e9 uma exclusividade do ve\u00edculo, algo que tem afetado praticamente todos os segmentos econ\u00f4micos. &#8220;Mas o r\u00e1dio, assim como os ve\u00edculos de comunica\u00e7\u00e3o de massa, pode sair fortalecido nos seus principais ativos: audi\u00eancia e credibilidade. Algo que deve auxiliar diretamente na retomada e, numa vis\u00e3o mais otimista, numa eleva\u00e7\u00e3o de patamar na compara\u00e7\u00e3o com o per\u00edodo pr\u00e9-coronav\u00edrus&#8221;, refor\u00e7a o jornalista.<\/p>\n<p style=\"text-align: justify;\">Fernando Morgado, professor e consultor, tamb\u00e9m refor\u00e7a o papel do r\u00e1dio neste per\u00edodo de pandemia. &#8220;\u00c9 justamente em momentos assim, t\u00e3o delicados, que descobrimos com quem podemos contar, inclusive em termos de informa\u00e7\u00e3o. E o\u00a0<strong><a href=\"https:\/\/tudoradio.com\/colunas\/ver\/431-coronavirus-o-papel-do-radio-no-combate-a-pandemia\">r\u00e1dio, m\u00eddia t\u00e3o tradicional, refor\u00e7a sua posi\u00e7\u00e3o de refer\u00eancia gra\u00e7as a atributos como agilidade, credibilidade e interatividade&#8221;<\/a><\/strong>, destaca o colunista em um de seus textos.<\/p>\n<p style=\"text-align: justify;\">&#8220;Na luta contra o novo coronav\u00edrus, o r\u00e1dio ocupa um papel estrat\u00e9gico. Trata-se da segunda maior m\u00eddia em termos de alcance no Brasil, podendo ser consumida por qualquer um, inclusive analfabetos e pessoas que vivem em regi\u00f5es remotas&#8221;, afirma Morgado, que tamb\u00e9m refor\u00e7a o papel do r\u00e1dio no combate \u00e0s not\u00edcias falsas: &#8220;apenas a comunica\u00e7\u00e3o profissional, como a que \u00e9 feita pelo r\u00e1dio, pode combater essa amea\u00e7a&#8221;.<\/p>\n<p style=\"text-align: justify;\">Morgado tamb\u00e9m publicou outro artigo no<strong>\u00a0<\/strong>tudoradio.com\u00a0neste m\u00eas de mar\u00e7o, texto que foi originalmente veiculado pelo Comunique-se. Com o t\u00edtulo &#8220;Not\u00edcia falsa mata&#8221;, Fernando destaca que\u00a0<strong><a href=\"http:\/\/%20https\/\/tudoradio.com\/colunas\/ver\/430-noticia-falsa-mata\">&#8220;apenas os meios tradicionais s\u00e3o capazes de vencer as fake news digitais<\/a><\/strong>, pois impactam uma enorme massa de pessoas de forma imediata e simult\u00e2nea. Em outras palavras: somente a mobiliza\u00e7\u00e3o das audi\u00eancias a atacado pode combater as mentiras espalhadas a granel&#8221;.<\/p>\n<p style=\"text-align: justify;\">Gleyson Lage, produtor, publicou uma coluna que refor\u00e7a a ideia de necessidade de uni\u00e3o dos profissionais do meio r\u00e1dio neste momento, principalmente no compartilhamento de conte\u00fado e conhecimento. E isso \u00e9 uma li\u00e7\u00e3o que deve ser considerada por todos inclusive fora do per\u00edodo da pandemia do novo coronav\u00edrus.<\/p>\n<p style=\"text-align: justify;\">Em seu artigo\u00a0<strong><a href=\"https:\/\/tudoradio.com\/colunas\/ver\/434-e-preciso-compartilhar\">&#8220;\u00c9 preciso compartilhar!&#8221;<\/a><\/strong>, Lage provoca dizendo que gosta &#8220;de ver gente nova chegando porque isso tamb\u00e9m me mant\u00e9m com o desejo de aprender mais e aquece o mercado. Voc\u00ea vai produzir melhor se for desafiado. Se estiver sozinho, que m\u00e9rito tem em ser o melhor?&#8221;. E completa informando que est\u00e1 disponibilizando um E-book com um guia completo para produ\u00e7\u00e3o em sete passos.<\/p>\n<p style=\"text-align: justify;\">Guliver Le\u00e3o, presidente da Federa\u00e7\u00e3o Nacional das Empresas de R\u00e1dio e Televis\u00e3o (Fenaert), tamb\u00e9m publicou um artigo no tudoradio.com neste m\u00eas de mar\u00e7o. Em seu texto, chamado\u00a0<strong><a href=\"https:\/\/tudoradio.com\/colunas\/ver\/432-coronavirus-na-era-das-fake-news\">&#8220;Coronav\u00edrus na Era das fake news&#8221;<\/a><\/strong>, Le\u00e3o destaca que &#8220;precisamos unir esfor\u00e7os para combater as fake news, mas dessa vez em prol de algo muito maior, que talvez ainda n\u00e3o tenhamos a dimens\u00e3o. Vamos juntos contribuir para a dissemina\u00e7\u00e3o de informa\u00e7\u00e3o verdadeira, de qualidade e acess\u00edvel. \u00c9 o momento de nos preocuparmos com a sa\u00fade mundial e n\u00f3s, comunicadores, temos papel fundamental&#8221;.<\/p>\n<p style=\"text-align: justify;\">E, at\u00e9 o momento, o tudoradio.com segue publicando novos artigos e outros textos j\u00e1 est\u00e3o previstos para o m\u00eas de abril. Na quinta-feira passada (2) foi ao ar uma coluna que conta com\u00a0<strong><a href=\"https:\/\/tudoradio.com\/colunas\/ver\/436-off-topic-especialista-da-dicas-para-aumentar-a-produtividade-durante-o-home-office\">dicas de especialistas para para aumentar a produtividade durante o Home Office<\/a><\/strong>, pr\u00e1tica que tem sido adotada pelas emissoras em todo o pa\u00eds. O texto foi produzido pela assessoria \u00a0P+G Comunica\u00e7\u00e3o Integrada, assinado por Fernanda Glinka.<\/p>\n<div class=\"pp-box-adunit pp-ad-loading pp-type-intext\">\n<div class=\"centralizado\">\n<div id=\"b\">\n<div class=\"conteudo-noticia\">\n<div class=\"conteudo materias\">\n<div class=\"not-full\" style=\"text-align: justify;\">\n<div class=\"pub-140\"><\/div>\n<p>O\u00a0tudoradio.com\u00a0intensificou, desde mar\u00e7o, a publica\u00e7\u00e3o de artigos com assuntos relacionados \u00e0 pandemia do coronav\u00edrus. Al\u00e9m das not\u00edcias veiculadas diariamente com a movimenta\u00e7\u00e3o no meio perante a covid-19, os colunistas do portal tamb\u00e9m publicaram textos que mostram cen\u00e1rios para o r\u00e1dio enfrentar esse per\u00edodo. Temas como fake news (not\u00edcias falsas), o papel do r\u00e1dio durante a pandemia, refor\u00e7o de marca, situa\u00e7\u00e3o comercial, disponibilidade de conte\u00fados para profissionais e dicas para trabalhar em casa est\u00e3o entre os assuntos publicados.<\/p>\n<p>Rodolfo Moura, advogado com ampla experi\u00eancia no setor de radiodifus\u00e3o, destacou que a\u00a0<strong><a href=\"https:\/\/tudoradio.com\/colunas\/ver\/433-em-tempos-de-coronavirus-a-criatividade-precisa-ser-um-diferencial-do-radiodifusor\">criatividade pode e precisa ser um diferencial do radiodifusor\u00a0<\/a><\/strong>neste per\u00edodo de pandemia. &#8220;O r\u00e1dio e a televis\u00e3o continuam com a miss\u00e3o fundamental de levar informa\u00e7\u00e3o de qualidade e com credibilidade \u00e0 popula\u00e7\u00e3o, de forma a mant\u00ea-la adequadamente atualizada sobre os fatos e orientando sobre as provid\u00eancias e os cuidados que devem ser adotados&#8221;, destaca Moura.<\/p>\n<p>Moura destaca a import\u00e2ncia de manter bons quadros nas equipes das emissoras durante o per\u00edodo. &#8220;O momento n\u00e3o \u00e9 o de dispensar os melhores colaboradores, embora seja sim necess\u00e1rio realizar algumas adequa\u00e7\u00f5es nas condi\u00e7\u00f5es de trabalho, como a implementa\u00e7\u00e3o do teletrabalho (home office) e o controle remoto das opera\u00e7\u00f5es&#8221;. Mas reconhece que existem desafios para a opera\u00e7\u00e3o, com o recuo da atividade econ\u00f4mica. E, em seu artigo, lista pontos que as r\u00e1dios podem considerar para manter uma opera\u00e7\u00e3o de destaque.<\/p>\n<p>Daniel Starck, diretor do\u00a0tudoradio.com, tamb\u00e9m publicou um texto que mostra a import\u00e2ncia do meio r\u00e1dio nesse per\u00edodo, onde o ve\u00edculo tem refor\u00e7ado &#8220;o perfil de companheirismo e como pode mudar a vida das pessoas nessa situa\u00e7\u00e3o de extrema dificuldade&#8221;. Em seu texto, o jornalista lembra de atividades e campanhas realizadas pelas emissoras, sejam de\u00a0<strong><a href=\"https:\/\/tudoradio.com\/colunas\/ver\/435-solidario-companheiro-e-informativo-o-radio-tem-seu-papel-definido-em-epoca-de-coronavirus\">apoio ao com\u00e9rcio local e tamb\u00e9m de prestar servi\u00e7o \u00e0 popula\u00e7\u00e3o<\/a><\/strong>\u00a0(com not\u00edcias ou at\u00e9 mesmo entretenimento, auxiliando o lado psicol\u00f3gico dos ouvintes em tempos de reclus\u00e3o).<\/p>\n<p>Starck n\u00e3o ignora a dificuldade comercial que o r\u00e1dio j\u00e1 enfrenta, mas lembra que isso n\u00e3o \u00e9 uma exclusividade do ve\u00edculo, algo que tem afetado praticamente todos os segmentos econ\u00f4micos. &#8220;Mas o r\u00e1dio, assim como os ve\u00edculos de comunica\u00e7\u00e3o de massa, pode sair fortalecido nos seus principais ativos: audi\u00eancia e credibilidade. Algo que deve auxiliar diretamente na retomada e, numa vis\u00e3o mais otimista, numa eleva\u00e7\u00e3o de patamar na compara\u00e7\u00e3o com o per\u00edodo pr\u00e9-coronav\u00edrus&#8221;, refor\u00e7a o jornalista.<\/p>\n<p>Fernando Morgado, professor e consultor, tamb\u00e9m refor\u00e7a o papel do r\u00e1dio neste per\u00edodo de pandemia. &#8220;\u00c9 justamente em momentos assim, t\u00e3o delicados, que descobrimos com quem podemos contar, inclusive em termos de informa\u00e7\u00e3o. E o\u00a0<strong><a href=\"https:\/\/tudoradio.com\/colunas\/ver\/431-coronavirus-o-papel-do-radio-no-combate-a-pandemia\">r\u00e1dio, m\u00eddia t\u00e3o tradicional, refor\u00e7a sua posi\u00e7\u00e3o de refer\u00eancia gra\u00e7as a atributos como agilidade, credibilidade e interatividade&#8221;<\/a><\/strong>, destaca o colunista em um de seus textos.<\/p>\n<p>&#8220;Na luta contra o novo coronav\u00edrus, o r\u00e1dio ocupa um papel estrat\u00e9gico. Trata-se da segunda maior m\u00eddia em termos de alcance no Brasil, podendo ser consumida por qualquer um, inclusive analfabetos e pessoas que vivem em regi\u00f5es remotas&#8221;, afirma Morgado, que tamb\u00e9m refor\u00e7a o papel do r\u00e1dio no combate \u00e0s not\u00edcias falsas: &#8220;apenas a comunica\u00e7\u00e3o profissional, como a que \u00e9 feita pelo r\u00e1dio, pode combater essa amea\u00e7a&#8221;.<\/p>\n<p>Morgado tamb\u00e9m publicou outro artigo no<strong>\u00a0<\/strong>tudoradio.com\u00a0neste m\u00eas de mar\u00e7o, texto que foi originalmente veiculado pelo Comunique-se. Com o t\u00edtulo &#8220;Not\u00edcia falsa mata&#8221;, Fernando destaca que\u00a0<strong><a href=\"http:\/\/%20https\/\/tudoradio.com\/colunas\/ver\/430-noticia-falsa-mata\">&#8220;apenas os meios tradicionais s\u00e3o capazes de vencer as fake news digitais<\/a><\/strong>, pois impactam uma enorme massa de pessoas de forma imediata e simult\u00e2nea. Em outras palavras: somente a mobiliza\u00e7\u00e3o das audi\u00eancias a atacado pode combater as mentiras espalhadas a granel&#8221;.<\/p>\n<p>Gleyson Lage, produtor, publicou uma coluna que refor\u00e7a a ideia de necessidade de uni\u00e3o dos profissionais do meio r\u00e1dio neste momento, principalmente no compartilhamento de conte\u00fado e conhecimento. E isso \u00e9 uma li\u00e7\u00e3o que deve ser considerada por todos inclusive fora do per\u00edodo da pandemia do novo coronav\u00edrus.<\/p>\n<p>Em seu artigo\u00a0<strong><a href=\"https:\/\/tudoradio.com\/colunas\/ver\/434-e-preciso-compartilhar\">&#8220;\u00c9 preciso compartilhar!&#8221;<\/a><\/strong>, Lage provoca dizendo que gosta &#8220;de ver gente nova chegando porque isso tamb\u00e9m me mant\u00e9m com o desejo de aprender mais e aquece o mercado. Voc\u00ea vai produzir melhor se for desafiado. Se estiver sozinho, que m\u00e9rito tem em ser o melhor?&#8221;. E completa informando que est\u00e1 disponibilizando um E-book com um guia completo para produ\u00e7\u00e3o em sete passos.<\/p>\n<p>Guliver Le\u00e3o, presidente da Federa\u00e7\u00e3o Nacional das Empresas de R\u00e1dio e Televis\u00e3o (Fenaert), tamb\u00e9m publicou um artigo no tudoradio.com neste m\u00eas de mar\u00e7o. Em seu texto, chamado\u00a0<strong><a href=\"https:\/\/tudoradio.com\/colunas\/ver\/432-coronavirus-na-era-das-fake-news\">&#8220;Coronav\u00edrus na Era das fake news&#8221;<\/a><\/strong>, Le\u00e3o destaca que &#8220;precisamos unir esfor\u00e7os para combater as fake news, mas dessa vez em prol de algo muito maior, que talvez ainda n\u00e3o tenhamos a dimens\u00e3o. Vamos juntos contribuir para a dissemina\u00e7\u00e3o de informa\u00e7\u00e3o verdadeira, de qualidade e acess\u00edvel. \u00c9 o momento de nos preocuparmos com a sa\u00fade mundial e n\u00f3s, comunicadores, temos papel fundamental&#8221;.<\/p>\n<p>E, at\u00e9 o momento, o tudoradio.com segue publicando novos artigos e outros textos j\u00e1 est\u00e3o previstos para o m\u00eas de abril. Na quinta-feira passada (2) foi ao ar uma coluna que conta com\u00a0<strong><a href=\"https:\/\/tudoradio.com\/colunas\/ver\/436-off-topic-especialista-da-dicas-para-aumentar-a-produtividade-durante-o-home-office\">dicas de especialistas para para aumentar a produtividade durante o Home Office<\/a><\/strong>, pr\u00e1tica que tem sido adotada pelas emissoras em todo o pa\u00eds. O texto foi produzido pela assessoria \u00a0P+G Comunica\u00e7\u00e3o Integrada, assinado por Fernanda Glinka.<\/p>\n<p><strong><a href=\"https:\/\/tudoradio.com\/colunas\">Confira esses e outros artigos acessando a \u00e1rea de Colunas do tudoradio.com<\/a><\/strong><\/p>\n<p><strong>Not\u00edcias com an\u00e1lises e panoramas\u00a0<\/strong><\/p>\n<p>O coronav\u00edrus tamb\u00e9m afetou de forma significativa a reda\u00e7\u00e3o do tudoradio.com. Diariamente o portal tem procurado cobrir a movimenta\u00e7\u00e3o das r\u00e1dios em a\u00e7\u00f5es relacionadas \u00e0 pandemia. E tamb\u00e9m oferecido an\u00e1lises sobre o comportamento do mercado e da audi\u00eancia, seja no Brasil ou em outros pa\u00edses do mundo.<\/p>\n<p>Todo esse conte\u00fado pode ser conferido atrav\u00e9s do link a seguir:\u00a0<a href=\"https:\/\/tudoradio.com\/noticias\/busca\/coronav%EDrus\">https:\/\/tudoradio.com\/noticias\/busca\/coronav%EDrus<\/a><\/p>\n<\/div>\n<p style=\"text-align: justify;\">Fonte: Tudor\u00e1dio<\/p>\n<\/div>\n<\/div>\n<\/div>\n<\/div>\n<\/div>\n","protected":false},"excerpt":{"rendered":"<p>O\u00a0tudoradio.com\u00a0intensificou, desde mar\u00e7o, a publica\u00e7\u00e3o de artigos com assuntos relacionados&hellip;<\/p>\n<p> <a class=\"more-link\" href=\"https:\/\/sertsc.org.br\/site\/portal-tudoradio-com-publica-serie-de-artigos-que-podem-auxiliar-radios-e-profissionais-em-epoca-de-pandemia-do-novo-coronavirus\/\">Leia mais<\/a><\/p>\n","protected":false},"author":1,"featured_media":12229,"comment_status":"closed","ping_status":"open","sticky":false,"template":"","format":"standard","meta":{"footnotes":""},"categories":[3],"tags":[],"class_list":{"0":"post-19544","1":"post","2":"type-post","3":"status-publish","4":"format-standard","5":"has-post-thumbnail","7":"category-noticias"},"_links":{"self":[{"href":"https:\/\/sertsc.org.br\/site\/wp-json\/wp\/v2\/posts\/19544","targetHints":{"allow":["GET"]}}],"collection":[{"href":"https:\/\/sertsc.org.br\/site\/wp-json\/wp\/v2\/posts"}],"about":[{"href":"https:\/\/sertsc.org.br\/site\/wp-json\/wp\/v2\/types\/post"}],"author":[{"embeddable":true,"href":"https:\/\/sertsc.org.br\/site\/wp-json\/wp\/v2\/users\/1"}],"replies":[{"embeddable":true,"href":"https:\/\/sertsc.org.br\/site\/wp-json\/wp\/v2\/comments?post=19544"}],"version-history":[{"count":0,"href":"https:\/\/sertsc.org.br\/site\/wp-json\/wp\/v2\/posts\/19544\/revisions"}],"wp:featuredmedia":[{"embeddable":true,"href":"https:\/\/sertsc.org.br\/site\/wp-json\/"}],"wp:attachment":[{"href":"https:\/\/sertsc.org.br\/site\/wp-json\/wp\/v2\/media?parent=19544"}],"wp:term":[{"taxonomy":"category","embeddable":true,"href":"https:\/\/sertsc.org.br\/site\/wp-json\/wp\/v2\/categories?post=19544"},{"taxonomy":"post_tag","embeddable":true,"href":"https:\/\/sertsc.org.br\/site\/wp-json\/wp\/v2\/tags?post=19544"}],"curies":[{"name":"wp","href":"https:\/\/api.w.org\/{rel}","templated":true}]}}