{"id":19539,"date":"2020-04-02T09:23:49","date_gmt":"2020-04-02T12:23:49","guid":{"rendered":"http:\/\/www.sertsc.org.br\/site\/?p=12197"},"modified":"2020-04-02T09:23:49","modified_gmt":"2020-04-02T12:23:49","slug":"governo-federal-edita-medida-provisoria-para-reduzir-contribuicoes-do-sistema-s-pela-metade","status":"publish","type":"post","link":"https:\/\/sertsc.org.br\/site\/governo-federal-edita-medida-provisoria-para-reduzir-contribuicoes-do-sistema-s-pela-metade\/","title":{"rendered":"Governo federal edita Medida Provis\u00f3ria para reduzir contribui\u00e7\u00f5es do Sistema S pela metade"},"content":{"rendered":"<p style=\"text-align: justify;\">O Di\u00e1rio Oficial da Uni\u00e3o desta ter\u00e7a-feira (31) publicou uma Medida Provis\u00f3ria editada pelo governo federal, que reduz pela metade a contribui\u00e7\u00e3o das empresas ao Sistema S por 3 meses. Segundo o governo, as al\u00edquotas das contribui\u00e7\u00f5es destinadas ao Sebrae continuam as mesmas. A redu\u00e7\u00e3o abrange as empresas de radiodifus\u00e3o.<\/p>\n<p style=\"text-align: justify;\">A redu\u00e7\u00e3o das al\u00edquotas de contribui\u00e7\u00e3o ao Sistema S j\u00e1 tinha sido anunciada pela equipe econ\u00f4mica no dia 16 de mar\u00e7o. O objetivo \u00e9 diminuir os custos para o empregador em meio \u00e0 crise causada pela pandemia do novo coronav\u00edrus. A redu\u00e7\u00e3o j\u00e1 come\u00e7a a valer a partir desta quarta-feira (1\u00ba), e segue at\u00e9 o dia 30 de junho. A estimativa \u00e9 que as empresas deixem de contribuir com R$ 2,2 bilh\u00f5es no per\u00edodo de 3 meses.<\/p>\n<p style=\"text-align: justify;\">O chamado Sistema S re\u00fane entidades empresariais voltadas para o treinamento profissional, assist\u00eancia social, consultoria, pesquisa e assist\u00eancia t\u00e9cnica \u2013 servi\u00e7os considerados de interesse p\u00fablico. Fazem parte do Sistema S o Senai, Sesi, Sesc, Sest, Sescoop, Senac, Senat e Senar.<\/p>\n<p style=\"text-align: justify;\">O texto tamb\u00e9m prev\u00ea que o Sebrae repasse para o Fundo de Aval \u00e0s Micro e Pequenas Empresas ao menos metade do que arrecadar com uma cobran\u00e7a adicional prevista em lei.<\/p>\n<p style=\"text-align: justify;\"><strong>CNI ressalta que redu\u00e7\u00e3o afetar\u00e1 oferta de cursos aos jovens de baixa renda<\/strong><\/p>\n<p style=\"text-align: justify;\">A Confedera\u00e7\u00e3o Nacional da Ind\u00fastria (CNI), respons\u00e1vel pelo Servi\u00e7o Nacional de Aprendizagem Industrial (Senai) e pelo Servi\u00e7o Social da Ind\u00fastria (Sesi), ressaltou, em nota, que a redu\u00e7\u00e3o da contribui\u00e7\u00e3o ao Sistema S afetar\u00e1 &#8220;de forma dr\u00e1stica&#8221; o trabalho realizado por essas entidades na forma\u00e7\u00e3o e prepara\u00e7\u00e3o da m\u00e3o de obra, na educa\u00e7\u00e3o b\u00e1sica de jovens de baixa renda e no atendimento \u00e0 sa\u00fade do trabalhador.<\/p>\n<p style=\"text-align: justify;\"><strong>Congresso Nacional deve acelerar aprova\u00e7\u00e3o das MPs<\/strong><\/p>\n<p style=\"text-align: justify;\">A C\u00e2mara dos Deputados e o Senado Federal publicaram um ato nesta quarta-feira (1\u00ba) para agilizar a aprova\u00e7\u00e3o das Medidas Provis\u00f3rias durante a vig\u00eancia do estado de calamidade p\u00fablica. Durante esse per\u00edodo, as MPs deixar\u00e3o de passar pela comiss\u00e3o mista (formada por deputados federais e senadores) e ser\u00e3o instru\u00eddas diretamente pelos Plen\u00e1rios das duas Casas.<\/p>\n<div class=\"pp-box-adunit pp-ad-loading pp-type-intext\" style=\"text-align: justify;\">\n<p>Essa medida deve acelerar a Medida Provis\u00f3ria que prev\u00ea a\u00a0<strong><a href=\"https:\/\/tudoradio.com\/noticias\/ver\/23240-governo-federal-libera-r-40-bilhoes-para-pequenas-e-medias-empresas-medida-alcanca-emissoras-de-radio\">libera\u00e7\u00e3o de uma linha de cr\u00e9dito de R$ 40 bilh\u00f5es para empresas de pequeno e m\u00e9dio porte<\/a><\/strong>. O recurso servir\u00e1 para a cobertura da folha de pagamento por dois meses das empresas que est\u00e3o cumprindo a quarentena para evitar o cont\u00e1gio do coronav\u00edrus. A medida alcan\u00e7a grande parte das emissoras de r\u00e1dio, que tamb\u00e9m est\u00e3o aptas a requerer o recurso.<strong>Anatel suspende incid\u00eancia de juros e multa sobre tributos e outras receitas<\/strong><\/p>\n<p>A Ag\u00eancia Nacional de Telecomunica\u00e7\u00f5es determinou a suspens\u00e3o excepcional, at\u00e9 o dia 15 de abril, da incid\u00eancia de juros e multa de mora sobre os tributos e outras receitas administrados pela ag\u00eancia, cujo vencimento esteja compreendido no per\u00edodo entre 20 de mar\u00e7o e 10 de abril. \u00a0A decis\u00e3o se aplica, por exemplo,\u00a0<a href=\"https:\/\/tudoradio.com\/noticias\/ver\/23258-anatel-atende-solicitacao-da-abert-e-prorroga-vencimento-do-fistel\"><strong>para o pagamento do Fistel (Fundo de Fiscaliza\u00e7\u00e3o das Telecomunica\u00e7\u00f5es) pelas empresas<\/strong><\/a>. O vencimento original era dia 31 de mar\u00e7o, por\u00e9m, foi estendido para o dia 15, sem incid\u00eancia de juros e multa.<\/p>\n<\/div>\n","protected":false},"excerpt":{"rendered":"<p>O Di\u00e1rio Oficial da Uni\u00e3o desta ter\u00e7a-feira (31) publicou uma&hellip;<\/p>\n<p> <a class=\"more-link\" href=\"https:\/\/sertsc.org.br\/site\/governo-federal-edita-medida-provisoria-para-reduzir-contribuicoes-do-sistema-s-pela-metade\/\">Leia mais<\/a><\/p>\n","protected":false},"author":1,"featured_media":12198,"comment_status":"closed","ping_status":"open","sticky":false,"template":"","format":"standard","meta":{"footnotes":""},"categories":[3],"tags":[],"class_list":{"0":"post-19539","1":"post","2":"type-post","3":"status-publish","4":"format-standard","5":"has-post-thumbnail","7":"category-noticias"},"_links":{"self":[{"href":"https:\/\/sertsc.org.br\/site\/wp-json\/wp\/v2\/posts\/19539","targetHints":{"allow":["GET"]}}],"collection":[{"href":"https:\/\/sertsc.org.br\/site\/wp-json\/wp\/v2\/posts"}],"about":[{"href":"https:\/\/sertsc.org.br\/site\/wp-json\/wp\/v2\/types\/post"}],"author":[{"embeddable":true,"href":"https:\/\/sertsc.org.br\/site\/wp-json\/wp\/v2\/users\/1"}],"replies":[{"embeddable":true,"href":"https:\/\/sertsc.org.br\/site\/wp-json\/wp\/v2\/comments?post=19539"}],"version-history":[{"count":0,"href":"https:\/\/sertsc.org.br\/site\/wp-json\/wp\/v2\/posts\/19539\/revisions"}],"wp:featuredmedia":[{"embeddable":true,"href":"https:\/\/sertsc.org.br\/site\/wp-json\/"}],"wp:attachment":[{"href":"https:\/\/sertsc.org.br\/site\/wp-json\/wp\/v2\/media?parent=19539"}],"wp:term":[{"taxonomy":"category","embeddable":true,"href":"https:\/\/sertsc.org.br\/site\/wp-json\/wp\/v2\/categories?post=19539"},{"taxonomy":"post_tag","embeddable":true,"href":"https:\/\/sertsc.org.br\/site\/wp-json\/wp\/v2\/tags?post=19539"}],"curies":[{"name":"wp","href":"https:\/\/api.w.org\/{rel}","templated":true}]}}