{"id":19538,"date":"2020-04-01T10:15:26","date_gmt":"2020-04-01T13:15:26","guid":{"rendered":"http:\/\/www.sertsc.org.br\/site\/?p=12193"},"modified":"2020-04-01T10:15:26","modified_gmt":"2020-04-01T13:15:26","slug":"nota-de-pesar-9","status":"publish","type":"post","link":"https:\/\/sertsc.org.br\/site\/nota-de-pesar-9\/","title":{"rendered":"Nota de pesar"},"content":{"rendered":"<p style=\"text-align: justify;\">\u00c9 com profunda tristeza que o SERT\/SC, representante patronal da radiodifus\u00e3o catarinense, registra o falecimento do empres\u00e1rio Evaldo Stopassoli, propriet\u00e1rio das r\u00e1dios Ararangu\u00e1 AM e Transam\u00e9rica FM.<\/p>\n<p style=\"text-align: justify;\">Suspeita-se que o falecimento de Stopassoli tenha sido provocado por complica\u00e7\u00f5es causadas pelo coronav\u00edrus. Por esse motivo, a cerim\u00f4nia de crema\u00e7\u00e3o, realizada \u00e0s 8h do dia 1\/4, foi fechada ao p\u00fablico, tendo apenas com a presen\u00e7a da esposa e dos filhos do empres\u00e1rio.<\/p>\n<p style=\"text-align: justify;\">Admirado e querido por todo o mercado catarinense, Evaldo Stopassoli deixa um legado de trabalho e companheirismo que jamais ser\u00e1 esquecido.<\/p>\n<p style=\"text-align: justify;\">O SERT\/SC manifesta sua solidariedade \u00e0 fam\u00edlia, aos amigos e aos colaboradores de Evaldo Stopassoli.<\/p>\n","protected":false},"excerpt":{"rendered":"<p>\u00c9 com profunda tristeza que o SERT\/SC, representante patronal da&hellip;<\/p>\n<p> <a class=\"more-link\" href=\"https:\/\/sertsc.org.br\/site\/nota-de-pesar-9\/\">Leia mais<\/a><\/p>\n","protected":false},"author":1,"featured_media":11861,"comment_status":"closed","ping_status":"open","sticky":false,"template":"","format":"standard","meta":{"footnotes":""},"categories":[3],"tags":[],"class_list":{"0":"post-19538","1":"post","2":"type-post","3":"status-publish","4":"format-standard","5":"has-post-thumbnail","7":"category-noticias"},"_links":{"self":[{"href":"https:\/\/sertsc.org.br\/site\/wp-json\/wp\/v2\/posts\/19538","targetHints":{"allow":["GET"]}}],"collection":[{"href":"https:\/\/sertsc.org.br\/site\/wp-json\/wp\/v2\/posts"}],"about":[{"href":"https:\/\/sertsc.org.br\/site\/wp-json\/wp\/v2\/types\/post"}],"author":[{"embeddable":true,"href":"https:\/\/sertsc.org.br\/site\/wp-json\/wp\/v2\/users\/1"}],"replies":[{"embeddable":true,"href":"https:\/\/sertsc.org.br\/site\/wp-json\/wp\/v2\/comments?post=19538"}],"version-history":[{"count":0,"href":"https:\/\/sertsc.org.br\/site\/wp-json\/wp\/v2\/posts\/19538\/revisions"}],"wp:featuredmedia":[{"embeddable":true,"href":"https:\/\/sertsc.org.br\/site\/wp-json\/"}],"wp:attachment":[{"href":"https:\/\/sertsc.org.br\/site\/wp-json\/wp\/v2\/media?parent=19538"}],"wp:term":[{"taxonomy":"category","embeddable":true,"href":"https:\/\/sertsc.org.br\/site\/wp-json\/wp\/v2\/categories?post=19538"},{"taxonomy":"post_tag","embeddable":true,"href":"https:\/\/sertsc.org.br\/site\/wp-json\/wp\/v2\/tags?post=19538"}],"curies":[{"name":"wp","href":"https:\/\/api.w.org\/{rel}","templated":true}]}}