{"id":19537,"date":"2020-03-31T14:28:51","date_gmt":"2020-03-31T17:28:51","guid":{"rendered":"http:\/\/www.sertsc.org.br\/site\/?p=12187"},"modified":"2020-03-31T14:28:51","modified_gmt":"2020-03-31T17:28:51","slug":"os-esforcos-da-tv-aberta-para-levar-informacao-ampla-e-precisa-aos-catarinenses","status":"publish","type":"post","link":"https:\/\/sertsc.org.br\/site\/os-esforcos-da-tv-aberta-para-levar-informacao-ampla-e-precisa-aos-catarinenses\/","title":{"rendered":"Os esfor\u00e7os da TV Aberta para levar informa\u00e7\u00e3o ampla e precisa aos catarinenses"},"content":{"rendered":"<p style=\"text-align: justify;\">Mais uma vez, a televis\u00e3o aberta prova ser um dos principais centros de informa\u00e7\u00e3o e entretenimento nos lares de Santa Catarina. \u00c9 o que mostram dados recentes de audi\u00eancia, relacionados a um per\u00edodo em que o p\u00fablico demanda atualiza\u00e7\u00e3o constante e diversidade de informa\u00e7\u00f5es: a pandemia do novo coronav\u00edrus.<\/p>\n<p style=\"text-align: justify;\">A posi\u00e7\u00e3o de destaque da TV em rela\u00e7\u00e3o a outras m\u00eddias se deve ao grande potencial de crescimento da audi\u00eancia do meio em diferentes momentos da vida da popula\u00e7\u00e3o, inclusive aqueles cr\u00edticos, que envolvem tens\u00f5es e incertezas. Uma Copa do Mundo, um desastre ecol\u00f3gico, uma trag\u00e9dia humana, uma decis\u00e3o governamental, uma Olimp\u00edada ou at\u00e9 mesmo um final de novela \u00e9 capaz de trazer a televis\u00e3o aberta para o foco das aten\u00e7\u00f5es. Agora, o combate ao novo coronav\u00edrus traz mais um exemplo disso<\/p>\n<p style=\"text-align: justify;\">O AcontecendoAqui solicitou \u00e0s quatro redes de Tv Aberta em Santa Catarina &#8211; Band, ND, NSC e SBT &#8211; o que cada uma fez para levar informa\u00e7\u00e3o e entretenimento aos catarinenses nesta fase em que ficar em casa \u00e9 a melhor op\u00e7\u00e3o para minimizar o problema. Confira o que elas nos contaram:<\/p>\n<p style=\"text-align: justify;\"><strong>ND &#8211; RECORD<\/strong><br \/>\nO Grupo ND tem se destacado pelo seu compromisso de bem informar os catarinenses durante a batalha contra o Covid-19. Como ve\u00edculo de comunica\u00e7\u00e3o, tem a miss\u00e3o de prestar servi\u00e7o e fornecer informa\u00e7\u00f5es de qualidade que ajudem o p\u00fablico a melhor se informar sobre a pandemia. Antes mesmo do in\u00edcio do decreto governamental que previa o isolamento social, mobilizou a NDTV | Record TV, Portal nd+, impresso ND e redes sociais, para acompanhar diariamente o tema atualizando diariamente as informa\u00e7\u00f5es sobre a doen\u00e7a.<\/p>\n<p style=\"text-align: justify;\">Montamos na reda\u00e7\u00e3o integrada do Grupo ND o \u201cPlant\u00e3o Coronav\u00edrus \u201c para ouvir especialistas, tirar d\u00favidas do p\u00fablico integrando todas as nossas plataformas.\u00a0Elaboramos um guia r\u00e1pido sobre as preven\u00e7\u00f5es \u00e0 doen\u00e7a, em pdf, que pode ser baixado por meio do portal. Dezenas de especialistas se revezaram no v\u00eddeo para responder centenas de perguntas que, diariamente, chegam \u00e0 reda\u00e7\u00e3o.<\/p>\n<p style=\"text-align: justify;\">Todo o esfor\u00e7o jornal\u00edstico de nossas equipes foi no sentido de atualizar os dados sobre a doen\u00e7a, mas, principalmente dar espa\u00e7o para todos os segmentos da sociedade, acompanhando o impacto da pandemia nas principais cidades catarinenses onde estamos presentes pela NDTV | Record TV.<\/p>\n<p style=\"text-align: justify;\">O Portal Coronav\u00edrus mobilizou dezenas de rep\u00f3rteres, fot\u00f3grafos e cinegrafistas, al\u00e9m de todas as reda\u00e7\u00f5es do Grupo ND para garantir informa\u00e7\u00e3o verdadeira, considerando que em casos como esta crise, \u00e9 fundamental o papel de um ve\u00edculo de comunica\u00e7\u00e3o para ajudar a popula\u00e7\u00e3o a encarar o problema, sem alarmismo ou estimulando o p\u00e2nico.<\/p>\n<p style=\"text-align: justify;\">Em paralelo \u00e0 grande produ\u00e7\u00e3o de conte\u00fado informativo, o Grupo ND desenvolveu a\u00e7\u00f5es para resgatar a autoestima dos catarinenses e ajudar a estimular o com\u00e9rcio e os pequenos prestadores de servi\u00e7o com o movimento \u201cND t\u00e1 com voc\u00ea\u201d, uma iniciativa que levou para a NDTV | Record TV an\u00fancios gratuitos de quem faz delivery.<\/p>\n<p style=\"text-align: justify;\">Com abrang\u00eancia estadual, o movimento #ndtacomvc est\u00e1 permitindo que as popula\u00e7\u00f5es possam utilizar os servi\u00e7os dos pequenos empreendedores que est\u00e3o hoje confinados e sem perspectivas de abrir seus neg\u00f3cios por conta da quarentena.<\/p>\n<p style=\"text-align: justify;\">Pensando em ajudar as fam\u00edlias carentes, o Grupo ND decidiu fazer uma edi\u00e7\u00e3o extra da Maratona da Solidariedade. O projeto, que sempre \u00e9 executado em dezembro, tem 20 anos de hist\u00f3ria e j\u00e1 arrecadou mais 750 toneladas de alimentos. Nesta vers\u00e3o, as pessoas poder\u00e3o aproveitar sua ida ao supermercado, comprar uma cesta b\u00e1sica e destinar a uma institui\u00e7\u00e3o de caridade, solicitando que o supermercado fa\u00e7a a entrega. A campanha ser\u00e1 lan\u00e7ada no dia 31 de mar\u00e7o<\/p>\n<p style=\"text-align: justify;\">A NDTV | Record TV tamb\u00e9m \u00e9 media partner do Mega Hack Covid-19, um hackathon realizado de forma 100% online, no qual as equipes dever\u00e3o apresentar um projeto com solu\u00e7\u00f5es para os problemas que a sociedade vem enfrentando neste per\u00edodo de luta contra o v\u00edrus. O Mega Hack conta com a participa\u00e7\u00e3o de profissionais como o economista Ricardo Amorin, e todos podem acessar as palestras pelo portal ND+.<br \/>\nOutra a\u00e7\u00e3o desenvolvida foi o movimento \u201cVoc\u00ea na tela da NDTV\u201d que estimula m\u00fasicos, m\u00e1gicos, atores, enfim, pessoas que tem algum talento e que est\u00e3o em casas, a enviarem pequenos v\u00eddeos para serem exibidos na televis\u00e3o. A iniciativa, desenvolvida em todo o Estado, por meio das emissoras de Florian\u00f3polis, Chapec\u00f3, Itaja\u00ed, Xanxer\u00ea, Blumenau e Joinville, tem a finalidade de estimular artistas ou an\u00f4nimos a mostrarem seus talentos para alegrar os catarinenses em quarentena.<\/p>\n<p style=\"text-align: justify;\">Al\u00e9m disso, o marketing da empresa est\u00e1 focando suas for\u00e7as, em home office, para envolver a todos com esses projetos e criando pe\u00e7as de comunica\u00e7\u00e3o que incentivam a popula\u00e7\u00e3o a ficar em casa, cuidar da sua sa\u00fade e das pessoas pr\u00f3ximas, al\u00e9m de comunicar todos estes movimentos. S\u00e3o materiais de conscientiza\u00e7\u00e3o e de reconhecimento aos profissionais que est\u00e3o se empenhando durante a quarentena.<\/p>\n<p style=\"text-align: justify;\"><strong>NSC &#8211; GLOBO<\/strong><br \/>\nA NSC est\u00e1 sempre ao lado dos catarinenses e, nesses momentos, refor\u00e7a a sua atua\u00e7\u00e3o, com jornalismo profissional, com servi\u00e7o relevante e responsabilidade cidad\u00e3. O p\u00fablico reconhece estas caracter\u00edsticas nos nossos produtos. Foi assim dois anos atr\u00e1s, na greve dos caminhoneiros, e est\u00e1 sendo agora, no combate ao coronav\u00edrus &#8211; afirma C\u00e9sar Seabra, diretor de Jornalismo da NSC.<\/p>\n<p style=\"text-align: justify;\">O p\u00fablico tem ainda mais informa\u00e7\u00f5es em tempo real. A programa\u00e7\u00e3o foi modificada, com um aumento expressivo no tempo dedicado ao jornalismo. \u00a0Hoje, a cobertura ocupa cerca de 11 horas consecutivas, na faixa das 4h \u00e0s 15h, com a exibi\u00e7\u00e3o do notici\u00e1rio regional e nacional. Ao longo da tarde e da noite, boletins e telejornais tamb\u00e9m contam com espa\u00e7o ampliado para atualizar todas informa\u00e7\u00f5es sobre o avan\u00e7o e a preven\u00e7\u00e3o da Covid-19. Apenas na \u00faltima semana (entre 23 e 27 de mar\u00e7o), por exemplo, foram 325 entradas ao vivo \u2014 uma m\u00e9dia de 65 por dia.<\/p>\n<p style=\"text-align: justify;\"><strong>N\u00fameros<\/strong><br \/>\nNos \u00faltimos dias, a NSC TV teve um aumento de 35% em sua audi\u00eancia di\u00e1ria. Esta marca expressiva \u00e9 obtida quando comparamos os n\u00fameros registrados de 17 a 25 de mar\u00e7o com a m\u00e9dia sustentada desde o in\u00edcio do ano, isto \u00e9, de 1\u00ba de janeiro a 16 de mar\u00e7o.<\/p>\n<p style=\"text-align: justify;\">O crescimento comprova que a emissora tem atra\u00eddo uma s\u00f3lida base de telespectadores ligados em todas as faixas hor\u00e1rias, consolidando ainda mais sua lideran\u00e7a no estado. Os dados demonstram ainda uma resposta positiva do p\u00fablico aos investimentos da equipe de jornalismo da NSC TV.<\/p>\n<p style=\"text-align: justify;\">Do mesmo modo, os conte\u00fados de entretenimento ganham for\u00e7a para distrair o p\u00fablico em quarentena. Assim, o crescimento de audi\u00eancias se consolida em todas as faixas de programa\u00e7\u00e3o da NSC TV.<br \/>\nPesquisas apontam que, em todo o pa\u00eds, as pessoas procuram informa\u00e7\u00f5es sobre a situa\u00e7\u00e3o da pandemia primeiramente na televis\u00e3o aberta, por estar presente na maioria dos lares, com f\u00e1cil acesso e credibilidade em alta. Em Santa Catarina, a julgar pelos dados da NSC TV, a situa\u00e7\u00e3o n\u00e3o parece ser diferente.<\/p>\n<p style=\"text-align: justify;\"><strong>Mercado e insp\u00edra\u00e7\u00e3o<\/strong><br \/>\nA NSC la\u00e7ou o movimento #JuntosporSantaCatarina, um canal onde s\u00e3o exibidas dicas de preven\u00e7\u00e3o e consumo consciente, delivery sem contato, produ\u00e7\u00e3o de \u00e1lcool gel, libera\u00e7\u00e3o de conte\u00fados e cursos online, doa\u00e7\u00f5es entre outras iniciativas. O objetivo \u00e9 inspirar e apoiar segmentos nesse momento de isolamento social, mostrando hist\u00f3rias de marcas, empresas e pessoas do Estado, Brasil e mundo.<\/p>\n<p style=\"text-align: justify;\">Al\u00e9m das not\u00edcias, tamb\u00e9m est\u00e3o ocorrendo a\u00e7\u00f5es junto ao mercado anunciante, como apoio aos restaurantes e deliverys, campanhas de suporte aos produtores de eventos, produtos de entretenimento digital e condi\u00e7\u00f5es especiais para apoiar as marcas que queiram se comunicar com seu p\u00fablico atrav\u00e9s de servi\u00e7os, mensagens de otimismo e de utilidade p\u00fablica.<\/p>\n<p style=\"text-align: justify;\"><strong>SCC &#8211; SBT<\/strong><\/p>\n<p style=\"text-align: justify;\">As \u00faltimas semanas ficar\u00e3o marcadas na hist\u00f3ria da humanidade e ser\u00e3o lembradas por muito tempo, por todos os que viveram estes dias. Desde que o Brasil registrou o primeiro caso do novo coronav\u00edrus, o departamento de conte\u00fado do SCC\/SBT esteve atento aos desdobramentos dos fatos que culminaram na situa\u00e7\u00e3o me que estamos hoje. Assim que a Secretaria de Estado da Sa\u00fade confirmou o primeiro caso de COVID-19 em territ\u00f3rio catarinense, nossas equipes j\u00e1 estavam mobilizadas e desde o primeiro instante tiveram a presta\u00e7\u00e3o de servi\u00e7os e as recomenda\u00e7\u00f5es de preven\u00e7\u00e3o ao v\u00edrus, como norte principal na an\u00e1lise e produ\u00e7\u00e3o das informa\u00e7\u00f5es.<\/p>\n<p style=\"text-align: justify;\">O SCC\/SBT mobilizou todas as suas equipes de reportagem em todas as regi\u00f5es do Estado, para levar aos telespectadores as informa\u00e7\u00f5es mais atualizadas sobre o avan\u00e7o da COVID-19 em Santa Catarina. Logo que a quarentena foi decretada, a emissora liberou os colaboradores de suas \u00e1reas n\u00e3o essenciais para o regime de home office, mas manteve a sua \u00e1rea de conte\u00fado atuante e focada neste assunto. Sempre com extrema responsabilidade e sem gerar p\u00e2nico na popula\u00e7\u00e3o.<\/p>\n<p style=\"text-align: justify;\">Na Primeira semana da quarentena, o SBT Meio-Dia passou de 1h45min de dura\u00e7\u00e3o, para tr\u00eas horas de dura\u00e7\u00e3o ao vivo. Nas plataformas digitais, tamb\u00e9m mobilizamos nossas equipes para continuar levando informa\u00e7\u00e3o em tempo real aos catarinenses. No Twitter, Facebook, Instagram, YouTube e SCCPlay, o departamento de conte\u00fado do SCC\/SBT produziu horas de transmiss\u00f5es e publica\u00e7\u00f5es, com dicas de preven\u00e7\u00e3o, transmiss\u00f5es de coletivas de imprensa das autoridades nacionais e estaduais, v\u00eddeos informativos e not\u00edcias sobre dados e a\u00e7\u00f5es dos \u00f3rg\u00e3os oficiais das tr\u00eas esferas de poder a n\u00edvel municipal, estadual e federal.<\/p>\n<p style=\"text-align: justify;\">Nas ruas, as equipes do SCC\/SBT acompanharam de perto o fechamento do com\u00e9rcio e da economia, bem como acompanhou a ang\u00fastia de empres\u00e1rios e trabalhadores que viram sua renda desaparecer. Estamos exibindo edi\u00e7\u00f5es especiais do SBT Meio-Dia aos s\u00e1bados, no dia 21 exibimos tamb\u00e9m uma edi\u00e7\u00e3o especial do SBT News e temos veiculado in\u00fameros boletins durante a nossa programa\u00e7\u00e3o, para levar informa\u00e7\u00f5es aos catarinenses, com a agilidade que a not\u00edcia exige. No pr\u00f3ximo s\u00e1bado (04) exibiremos o especial Juntos Por Santa Catarina, que tem por objetivo levar uma mensagem de esperan\u00e7a e serenidade aos lares das fam\u00edlias catarinenses. Apenas no Facebook, a cobertura do SCC\/SBT registrou um alcance de 6.997.555 pessoas e registrou 461.521 intera\u00e7\u00f5es. S\u00e3o dados hist\u00f3ricos que demonstram o sucesso e a credibilidade dessa cobertura.<\/p>\n<p style=\"text-align: justify;\">O novo coronav\u00edrus representaram um dos maiores desafios do nosso tempo e mudou a concep\u00e7\u00e3o de muitos conceitos na nossa sociedade. O cen\u00e1rio nos pr\u00f3ximos meses ainda \u00e9 incerto, mas usaremos a nossa voz para levar tranquilidade, esperan\u00e7a e contribuir para a retomada do desenvolvimento em Santa Catarina.<\/p>\n<p style=\"text-align: justify;\"><strong>TVBV &#8211; BAND<\/strong><br \/>\nA TVBV, afiliada do Grupo Bandeirantes, incluiu em sua programa\u00e7\u00e3o local a cobertura e retransmiss\u00e3o de coletivas a vivo e entrevistas relativas \u00e0\u00a0Covid-19.<\/p>\n<p style=\"text-align: justify;\">Al\u00e9m disso, passou a exibir boletins locais em toda a programa\u00e7\u00e3o, no formato da rede, o \u201c#Informei\u201d. S\u00e3o reportagens locais e pontuais no decorrer do dia para atualiza\u00e7\u00e3o das informa\u00e7\u00f5es do combate \u00e0 doen\u00e7a no Estado de SC. Com isso, expandimos a programa\u00e7\u00e3o local para todos os hor\u00e1rios, da manh\u00e3 at\u00e9 \u00e0 noite.<\/p>\n<p style=\"text-align: justify;\">Assim como a TVBV, as R\u00e1dios Band FM Floripa e Lages, que comp\u00f5em o Grupo Barriga Verde, tamb\u00e9m passaram por altera\u00e7\u00f5es:<br \/>\nAs r\u00e1dios Band FM Floripa e de Lages, atualizam as informa\u00e7\u00f5es e divulgam medidas preventivas para conter a expans\u00e3o da epidemia, tem apresentado em sua programa\u00e7\u00e3o local boletins informativos em parceria com a TVBV, representada pelo diretor de Conte\u00fado Roberto Azevedo, que de duas a tr\u00eas vezes por semana, apresenta informa\u00e7\u00f5es sobre o cen\u00e1rio durante 15 minutos no programa \u201cManh\u00e3 Show\u201d, exibido diariamente das 9h \u00e0s 12h.<\/p>\n<p style=\"text-align: justify;\">A participa\u00e7\u00e3o de Azevedo no est\u00fadio da R\u00e1dio, tamb\u00e9m \u00e9 compartilhada pelo IGTV da emissora, alcan\u00e7ando outras milhares de pessoas.<\/p>\n<p style=\"text-align: justify;\">Levando em considera\u00e7\u00e3o essa import\u00e2ncia da sincronia com as informa\u00e7\u00f5es compartilhadas nas m\u00eddias sociais, a Band FM Floripa intensificou os posts de conte\u00fado jornal\u00edstico em suas plataformas oficiais: Instagram e Facebook.<\/p>\n<p style=\"text-align: justify;\">Fonte: Acontecendo aqui<\/p>\n","protected":false},"excerpt":{"rendered":"<p>Mais uma vez, a televis\u00e3o aberta prova ser um dos&hellip;<\/p>\n<p> <a class=\"more-link\" href=\"https:\/\/sertsc.org.br\/site\/os-esforcos-da-tv-aberta-para-levar-informacao-ampla-e-precisa-aos-catarinenses\/\">Leia mais<\/a><\/p>\n","protected":false},"author":1,"featured_media":12188,"comment_status":"closed","ping_status":"open","sticky":false,"template":"","format":"standard","meta":{"footnotes":""},"categories":[3],"tags":[],"class_list":{"0":"post-19537","1":"post","2":"type-post","3":"status-publish","4":"format-standard","5":"has-post-thumbnail","7":"category-noticias"},"_links":{"self":[{"href":"https:\/\/sertsc.org.br\/site\/wp-json\/wp\/v2\/posts\/19537","targetHints":{"allow":["GET"]}}],"collection":[{"href":"https:\/\/sertsc.org.br\/site\/wp-json\/wp\/v2\/posts"}],"about":[{"href":"https:\/\/sertsc.org.br\/site\/wp-json\/wp\/v2\/types\/post"}],"author":[{"embeddable":true,"href":"https:\/\/sertsc.org.br\/site\/wp-json\/wp\/v2\/users\/1"}],"replies":[{"embeddable":true,"href":"https:\/\/sertsc.org.br\/site\/wp-json\/wp\/v2\/comments?post=19537"}],"version-history":[{"count":0,"href":"https:\/\/sertsc.org.br\/site\/wp-json\/wp\/v2\/posts\/19537\/revisions"}],"wp:featuredmedia":[{"embeddable":true,"href":"https:\/\/sertsc.org.br\/site\/wp-json\/"}],"wp:attachment":[{"href":"https:\/\/sertsc.org.br\/site\/wp-json\/wp\/v2\/media?parent=19537"}],"wp:term":[{"taxonomy":"category","embeddable":true,"href":"https:\/\/sertsc.org.br\/site\/wp-json\/wp\/v2\/categories?post=19537"},{"taxonomy":"post_tag","embeddable":true,"href":"https:\/\/sertsc.org.br\/site\/wp-json\/wp\/v2\/tags?post=19537"}],"curies":[{"name":"wp","href":"https:\/\/api.w.org\/{rel}","templated":true}]}}