{"id":19535,"date":"2020-03-30T17:37:34","date_gmt":"2020-03-30T20:37:34","guid":{"rendered":"http:\/\/www.sertsc.org.br\/site\/?p=12170"},"modified":"2020-03-30T17:37:34","modified_gmt":"2020-03-30T20:37:34","slug":"movimento-da-acaert-destaca-radio-e-tv-no-combate-pandemia","status":"publish","type":"post","link":"https:\/\/sertsc.org.br\/site\/movimento-da-acaert-destaca-radio-e-tv-no-combate-pandemia\/","title":{"rendered":"Movimento da ACAERT destaca r\u00e1dio e TV no combate \u00e0 pandemia"},"content":{"rendered":"<p><img fetchpriority=\"high\" decoding=\"async\" class=\"aligncenter wp-image-12173 size-full\" src=\"http:\/\/www.sertsc.org.br\/site\/wp-content\/uploads\/2020\/03\/715d251d4993f21f9378e9aaa6888936.jpg\" alt=\"715d251d4993f21f9378e9aaa6888936\" width=\"750\" height=\"450\" \/><\/p>\n<p>&nbsp;<\/p>\n<p style=\"text-align: justify;\">A ACAERT est\u00e1 veiculando novas pe\u00e7as do movimento PENSE GRANDE: PENSE R\u00c1DIO, PENSE TV que destaca a relev\u00e2ncia das emissoras de r\u00e1dio e televis\u00e3o para manter a sociedade informada e orientada sobre o combate ao covid-19. S\u00e3o\u00a0<em>cards\u00a0<\/em>que valorizam os profissionais essenciais, como os da sa\u00fade, seguran\u00e7a p\u00fablica, da imprensa, entre outros.<\/p>\n<p style=\"text-align: justify;\">\u201cHoje, pensar grande \u00e9 pensar de forma solid\u00e1ria. Se voc\u00ea puder, fique em casa. Estaremos 24 horas informando voc\u00ea com seriedade e credibilidade!\u201d, ressalta uma das pe\u00e7as.<\/p>\n<p style=\"text-align: justify;\">Outro faz um agradecimento. \u201cPensar grande \u00e9 valorizar o policial, o frentista, o atendente do supermercado, o caminhoneiro, o trabalhador rural, o motoboy, o porteiro o lixeiro \u2026 obrigado a quem oferece servi\u00e7os fundamentais em tempos de crise!\u201d.<img decoding=\"async\" class=\"wp-image-12174 size-full aligncenter\" src=\"http:\/\/www.sertsc.org.br\/site\/wp-content\/uploads\/2020\/03\/cba559ac3a86ab5b70b0c371a182fbb1.jpg\" alt=\"cba559ac3a86ab5b70b0c371a182fbb1\" width=\"800\" height=\"800\" \/><\/p>\n<p><img decoding=\"async\" class=\"wp-image-12172 size-full aligncenter\" src=\"http:\/\/www.sertsc.org.br\/site\/wp-content\/uploads\/2020\/03\/29c973303ab4f43a6aa400b4bdeff2ce.jpg\" alt=\"29c973303ab4f43a6aa400b4bdeff2ce\" width=\"800\" height=\"800\" \/><\/p>\n<p>&nbsp;<\/p>\n<p style=\"text-align: justify;\">O PENSE GRANDE, PENSE R\u00c1DIO, PENSE TV foi lan\u00e7ado pela ACAERT no final do ano passado para valorizar a radiodifus\u00e3o de Santa Catarina e a M\u00eddia Regional. Desde ent\u00e3o v\u00e1rias a\u00e7\u00f5es j\u00e1 foram desenvolvidas como o road show VAMOS PENSAR GRANDE, que j\u00e1 foi realizado em Blumenau, Joinville, Chapec\u00f3 e Lages. As etapas de Florian\u00f3polis e Crici\u00fama foram suspensas por conta do coronav\u00edrus.<\/p>\n<p style=\"text-align: justify;\">Fonte: Portoalmakingof<\/p>\n","protected":false},"excerpt":{"rendered":"<p>&nbsp; A ACAERT est\u00e1 veiculando novas pe\u00e7as do movimento PENSE&hellip;<\/p>\n<p> <a class=\"more-link\" href=\"https:\/\/sertsc.org.br\/site\/movimento-da-acaert-destaca-radio-e-tv-no-combate-pandemia\/\">Leia mais<\/a><\/p>\n","protected":false},"author":1,"featured_media":12173,"comment_status":"closed","ping_status":"open","sticky":false,"template":"","format":"standard","meta":{"footnotes":""},"categories":[3],"tags":[],"class_list":{"0":"post-19535","1":"post","2":"type-post","3":"status-publish","4":"format-standard","5":"has-post-thumbnail","7":"category-noticias"},"_links":{"self":[{"href":"https:\/\/sertsc.org.br\/site\/wp-json\/wp\/v2\/posts\/19535","targetHints":{"allow":["GET"]}}],"collection":[{"href":"https:\/\/sertsc.org.br\/site\/wp-json\/wp\/v2\/posts"}],"about":[{"href":"https:\/\/sertsc.org.br\/site\/wp-json\/wp\/v2\/types\/post"}],"author":[{"embeddable":true,"href":"https:\/\/sertsc.org.br\/site\/wp-json\/wp\/v2\/users\/1"}],"replies":[{"embeddable":true,"href":"https:\/\/sertsc.org.br\/site\/wp-json\/wp\/v2\/comments?post=19535"}],"version-history":[{"count":0,"href":"https:\/\/sertsc.org.br\/site\/wp-json\/wp\/v2\/posts\/19535\/revisions"}],"wp:featuredmedia":[{"embeddable":true,"href":"https:\/\/sertsc.org.br\/site\/wp-json\/"}],"wp:attachment":[{"href":"https:\/\/sertsc.org.br\/site\/wp-json\/wp\/v2\/media?parent=19535"}],"wp:term":[{"taxonomy":"category","embeddable":true,"href":"https:\/\/sertsc.org.br\/site\/wp-json\/wp\/v2\/categories?post=19535"},{"taxonomy":"post_tag","embeddable":true,"href":"https:\/\/sertsc.org.br\/site\/wp-json\/wp\/v2\/tags?post=19535"}],"curies":[{"name":"wp","href":"https:\/\/api.w.org\/{rel}","templated":true}]}}