{"id":19522,"date":"2020-03-23T14:35:06","date_gmt":"2020-03-23T17:35:06","guid":{"rendered":"http:\/\/www.sertsc.org.br\/site\/?p=12090"},"modified":"2020-03-23T14:35:06","modified_gmt":"2020-03-23T17:35:06","slug":"urgente-mp-9272020-traz-alternativas-trabalhistas-para-enfrentamento-do-estado-de-calamidade-publica-covid-19","status":"publish","type":"post","link":"https:\/\/sertsc.org.br\/site\/urgente-mp-9272020-traz-alternativas-trabalhistas-para-enfrentamento-do-estado-de-calamidade-publica-covid-19\/","title":{"rendered":"URGENTE! MP 927\/2020 traz alternativas trabalhistas para enfrentamento do estado de Calamidade P\u00fablica (Covid-19):"},"content":{"rendered":"<p style=\"text-align: justify;\">* Antecipa\u00e7\u00e3o de f\u00e9rias individuais;<br \/>\n* Aproveitamento e antecipa\u00e7\u00e3o dos feriados;<br \/>\n* Banco de horas;<br \/>\n* Concess\u00e3o de f\u00e9rias coletivas;<br \/>\n* Direcionamento do trabalhador para qualifica\u00e7\u00e3o;<br \/>\n* Prorroga\u00e7\u00e3o no prazo de recolhimento do FGTS das compet\u00eancias mar\u00e7o, abril e maio. Possibilidade de parcelamento dessas compet\u00eancias em at\u00e9 6 parcelas com vencimento a partir de julho\/2020, sem incid\u00eancia de juros\/multa;<br \/>\n* Suspens\u00e3o de exig\u00eancias administrativas em seguran\u00e7a e sa\u00fade no trabalho;<br \/>\n* Teletrabalho: possibilidade de altera\u00e7\u00e3o do regime presencial para o de teletrabalho;<\/p>\n<p style=\"text-align: justify;\">A MP vale por 60 dias, podendo ser prorrogada por mais 60 dias. Dentro desse prazo, aguarda aprova\u00e7\u00e3o.<\/p>\n<p style=\"text-align: justify;\">O SERT\/SC segue \u00e0 disposi\u00e7\u00e3o para esclarecer eventuais d\u00favidas.<\/p>\n","protected":false},"excerpt":{"rendered":"<p>* Antecipa\u00e7\u00e3o de f\u00e9rias individuais; * Aproveitamento e antecipa\u00e7\u00e3o dos&hellip;<\/p>\n<p> <a class=\"more-link\" href=\"https:\/\/sertsc.org.br\/site\/urgente-mp-9272020-traz-alternativas-trabalhistas-para-enfrentamento-do-estado-de-calamidade-publica-covid-19\/\">Leia mais<\/a><\/p>\n","protected":false},"author":1,"featured_media":12092,"comment_status":"closed","ping_status":"open","sticky":false,"template":"","format":"standard","meta":{"footnotes":""},"categories":[3],"tags":[],"class_list":{"0":"post-19522","1":"post","2":"type-post","3":"status-publish","4":"format-standard","5":"has-post-thumbnail","7":"category-noticias"},"_links":{"self":[{"href":"https:\/\/sertsc.org.br\/site\/wp-json\/wp\/v2\/posts\/19522","targetHints":{"allow":["GET"]}}],"collection":[{"href":"https:\/\/sertsc.org.br\/site\/wp-json\/wp\/v2\/posts"}],"about":[{"href":"https:\/\/sertsc.org.br\/site\/wp-json\/wp\/v2\/types\/post"}],"author":[{"embeddable":true,"href":"https:\/\/sertsc.org.br\/site\/wp-json\/wp\/v2\/users\/1"}],"replies":[{"embeddable":true,"href":"https:\/\/sertsc.org.br\/site\/wp-json\/wp\/v2\/comments?post=19522"}],"version-history":[{"count":0,"href":"https:\/\/sertsc.org.br\/site\/wp-json\/wp\/v2\/posts\/19522\/revisions"}],"wp:featuredmedia":[{"embeddable":true,"href":"https:\/\/sertsc.org.br\/site\/wp-json\/wp\/v2\/media\/12092"}],"wp:attachment":[{"href":"https:\/\/sertsc.org.br\/site\/wp-json\/wp\/v2\/media?parent=19522"}],"wp:term":[{"taxonomy":"category","embeddable":true,"href":"https:\/\/sertsc.org.br\/site\/wp-json\/wp\/v2\/categories?post=19522"},{"taxonomy":"post_tag","embeddable":true,"href":"https:\/\/sertsc.org.br\/site\/wp-json\/wp\/v2\/tags?post=19522"}],"curies":[{"name":"wp","href":"https:\/\/api.w.org\/{rel}","templated":true}]}}