{"id":19521,"date":"2020-03-23T09:10:36","date_gmt":"2020-03-23T12:10:36","guid":{"rendered":"http:\/\/www.sertsc.org.br\/site\/?p=12082"},"modified":"2020-03-23T09:10:36","modified_gmt":"2020-03-23T12:10:36","slug":"12082-2","status":"publish","type":"post","link":"https:\/\/sertsc.org.br\/site\/12082-2\/","title":{"rendered":"Decreto define a imprensa como atividade essencial"},"content":{"rendered":"<p style=\"text-align: justify;\">Neste domingo (22\/3), o presidente Jair Bolsonaro assinou o decreto n\u00ba 10.288, que define como essenciais as atividades e os servi\u00e7os relacionados \u00e0 imprensa. O decreto tamb\u00e9m alcan\u00e7a &#8220;as atividades acess\u00f3rias e de suporte e a disponibiliza\u00e7\u00e3o dos insumos necess\u00e1rios \u00e0 cadeia produtiva&#8221;. A circula\u00e7\u00e3o dos trabalhadores do setor n\u00e3o pode ser restringida. O decreto entra em vigor na data da sua publica\u00e7\u00e3o.<\/p>\n<p style=\"text-align: justify;\">A \u00edntegra do decreto est\u00e1 neste link: <a href=\"http:\/\/www.in.gov.br\/web\/dou\/-\/decreto-n-10.288-de-22-de-marco-de-2020-249098577\">http:\/\/www.in.gov.br\/web\/dou\/-\/decreto-n-10.288-de-22-de-marco-de-2020-249098577<\/a><\/p>\n","protected":false},"excerpt":{"rendered":"<p>Neste domingo (22\/3), o presidente Jair Bolsonaro assinou o decreto&hellip;<\/p>\n<p> <a class=\"more-link\" href=\"https:\/\/sertsc.org.br\/site\/12082-2\/\">Leia mais<\/a><\/p>\n","protected":false},"author":1,"featured_media":12083,"comment_status":"closed","ping_status":"open","sticky":false,"template":"","format":"standard","meta":{"footnotes":""},"categories":[33],"tags":[],"class_list":{"0":"post-19521","1":"post","2":"type-post","3":"status-publish","4":"format-standard","5":"has-post-thumbnail","7":"category-destaques"},"_links":{"self":[{"href":"https:\/\/sertsc.org.br\/site\/wp-json\/wp\/v2\/posts\/19521","targetHints":{"allow":["GET"]}}],"collection":[{"href":"https:\/\/sertsc.org.br\/site\/wp-json\/wp\/v2\/posts"}],"about":[{"href":"https:\/\/sertsc.org.br\/site\/wp-json\/wp\/v2\/types\/post"}],"author":[{"embeddable":true,"href":"https:\/\/sertsc.org.br\/site\/wp-json\/wp\/v2\/users\/1"}],"replies":[{"embeddable":true,"href":"https:\/\/sertsc.org.br\/site\/wp-json\/wp\/v2\/comments?post=19521"}],"version-history":[{"count":0,"href":"https:\/\/sertsc.org.br\/site\/wp-json\/wp\/v2\/posts\/19521\/revisions"}],"wp:featuredmedia":[{"embeddable":true,"href":"https:\/\/sertsc.org.br\/site\/wp-json\/wp\/v2\/media\/12083"}],"wp:attachment":[{"href":"https:\/\/sertsc.org.br\/site\/wp-json\/wp\/v2\/media?parent=19521"}],"wp:term":[{"taxonomy":"category","embeddable":true,"href":"https:\/\/sertsc.org.br\/site\/wp-json\/wp\/v2\/categories?post=19521"},{"taxonomy":"post_tag","embeddable":true,"href":"https:\/\/sertsc.org.br\/site\/wp-json\/wp\/v2\/tags?post=19521"}],"curies":[{"name":"wp","href":"https:\/\/api.w.org\/{rel}","templated":true}]}}