{"id":19518,"date":"2020-03-20T13:47:37","date_gmt":"2020-03-20T16:47:37","guid":{"rendered":"http:\/\/www.sertsc.org.br\/site\/?p=12064"},"modified":"2020-03-20T13:47:37","modified_gmt":"2020-03-20T16:47:37","slug":"comite-aprova-prorrogacao-do-pagamento-de-tributos-do-simples-nacional-por-seis-meses","status":"publish","type":"post","link":"https:\/\/sertsc.org.br\/site\/comite-aprova-prorrogacao-do-pagamento-de-tributos-do-simples-nacional-por-seis-meses\/","title":{"rendered":"Comit\u00ea aprova prorroga\u00e7\u00e3o do pagamento de tributos do Simples Nacional por seis meses"},"content":{"rendered":"<div class=\"uk-margin-remove-vertical\">\n<p style=\"text-align: justify;\"><em>Por Alexandro Martello, G1 \u2014 Bras\u00edlia<\/em><\/p>\n<p style=\"text-align: justify;\">O Comit\u00ea Gestor do Simples Nacional aprovou nesta quarta-feira (18) a prorroga\u00e7\u00e3o, por seis meses, do prazo para pagamento dos tributos federais no \u00e2mbito do Simples Nacional, informou a Secretaria da Receita Federal.<\/p>\n<p style=\"text-align: justify;\">A medida, que tamb\u00e9m se aplica aos Microempreendedores Individuais (MEI), faz parte do pacote para minimizar os impactos econ\u00f4micos da pandemia do coronav\u00edrus. A mudan\u00e7a\u00a0<strong>n\u00e3o<\/strong>\u00a0se aplica aos tributos de fevereiro, que vencem na pr\u00f3xima sexta (20).<\/p>\n<p style=\"text-align: justify;\">Com isso, de acordo com o \u00f3rg\u00e3o, os tributos federais apurados no Programa Gerador do Documento de Arrecada\u00e7\u00e3o do Simples Nacional \u2013 Declarat\u00f3rio (PGDAS-D) e Programa Gerador do DAS para o MEI (PGMEI) foram prorrogados da seguinte forma:<\/p>\n<ol style=\"text-align: justify;\">\n<li>O Per\u00edodo de Apura\u00e7\u00e3o Mar\u00e7o de 2020, com\u00a0<strong>vencimento original em 20 de abril de 2020<\/strong>, fica com vencimento para\u00a0<strong>20 de outubro de 2020<\/strong>;<\/li>\n<li>O Per\u00edodo de Apura\u00e7\u00e3o Abril de 2020, com\u00a0<strong>vencimento original em 20 de maio de 2020<\/strong>, fica com vencimento para\u00a0<strong>20 de novembro de 2020<\/strong>; e<\/li>\n<li>O Per\u00edodo de Apura\u00e7\u00e3o Maio de 2020, com\u00a0<strong>vencimento original em 22 de junho de 2020<\/strong>, fica com vencimento para\u00a0<strong>21 de dezembro de 2020<\/strong>.<\/li>\n<\/ol>\n<p style=\"text-align: justify;\">A Receita informou ainda que um ato vai orientar os procedimentos a serem adotados pelos contribuintes, na hora de fazer esse pagamento.<\/p>\n<p style=\"text-align: justify;\">O governo federal j\u00e1 tinha anunciado que faria mudan\u00e7as no pagamento do Simples. At\u00e9 aquele momento, a ideia era prorrogar em apenas tr\u00eas meses.<\/p>\n<p style=\"text-align: justify;\">\u00a0Confira o v\u00eddeo completo da reportagem<a href=\"https:\/\/globoplay.globo.com\/v\/8404554\/\">\u00a0clicando aqui.<\/a><\/p>\n<\/div>\n<div class=\"uk-margin-small\" style=\"text-align: justify;\"><span class=\"prefix\">Fonte:<\/span>\u00a0G1<\/div>\n","protected":false},"excerpt":{"rendered":"<p>Por Alexandro Martello, G1 \u2014 Bras\u00edlia O Comit\u00ea Gestor do&hellip;<\/p>\n<p> <a class=\"more-link\" href=\"https:\/\/sertsc.org.br\/site\/comite-aprova-prorrogacao-do-pagamento-de-tributos-do-simples-nacional-por-seis-meses\/\">Leia mais<\/a><\/p>\n","protected":false},"author":1,"featured_media":12065,"comment_status":"closed","ping_status":"open","sticky":false,"template":"","format":"standard","meta":{"footnotes":""},"categories":[3],"tags":[],"class_list":{"0":"post-19518","1":"post","2":"type-post","3":"status-publish","4":"format-standard","5":"has-post-thumbnail","7":"category-noticias"},"_links":{"self":[{"href":"https:\/\/sertsc.org.br\/site\/wp-json\/wp\/v2\/posts\/19518","targetHints":{"allow":["GET"]}}],"collection":[{"href":"https:\/\/sertsc.org.br\/site\/wp-json\/wp\/v2\/posts"}],"about":[{"href":"https:\/\/sertsc.org.br\/site\/wp-json\/wp\/v2\/types\/post"}],"author":[{"embeddable":true,"href":"https:\/\/sertsc.org.br\/site\/wp-json\/wp\/v2\/users\/1"}],"replies":[{"embeddable":true,"href":"https:\/\/sertsc.org.br\/site\/wp-json\/wp\/v2\/comments?post=19518"}],"version-history":[{"count":0,"href":"https:\/\/sertsc.org.br\/site\/wp-json\/wp\/v2\/posts\/19518\/revisions"}],"wp:featuredmedia":[{"embeddable":true,"href":"https:\/\/sertsc.org.br\/site\/wp-json\/"}],"wp:attachment":[{"href":"https:\/\/sertsc.org.br\/site\/wp-json\/wp\/v2\/media?parent=19518"}],"wp:term":[{"taxonomy":"category","embeddable":true,"href":"https:\/\/sertsc.org.br\/site\/wp-json\/wp\/v2\/categories?post=19518"},{"taxonomy":"post_tag","embeddable":true,"href":"https:\/\/sertsc.org.br\/site\/wp-json\/wp\/v2\/tags?post=19518"}],"curies":[{"name":"wp","href":"https:\/\/api.w.org\/{rel}","templated":true}]}}