{"id":19517,"date":"2020-03-19T15:33:40","date_gmt":"2020-03-19T18:33:40","guid":{"rendered":"http:\/\/www.sertsc.org.br\/site\/?p=12060"},"modified":"2020-03-19T15:33:40","modified_gmt":"2020-03-19T18:33:40","slug":"nota-de-pesar-8","status":"publish","type":"post","link":"https:\/\/sertsc.org.br\/site\/nota-de-pesar-8\/","title":{"rendered":"Nota de pesar"},"content":{"rendered":"<p style=\"text-align: justify;\">O SERT\/SC lamenta o falecimento de Carmen Peiter, s\u00f3cia da R\u00e1dio Entre Rios, de Palmitos.<\/p>\n<p style=\"text-align: justify;\">Camen Peiter faleceu hoje de madrugada (19\/3), em sua resid\u00eancia, ap\u00f3s sofrer um infarto do mioc\u00e1rdio.<\/p>\n<p style=\"text-align: justify;\">O SERT\/SC prestar sua solidariedade \u00e0 fam\u00edlia e aos amigos de Carmen Peiter.<\/p>\n","protected":false},"excerpt":{"rendered":"<p>O SERT\/SC lamenta o falecimento de Carmen Peiter, s\u00f3cia da&hellip;<\/p>\n<p> <a class=\"more-link\" href=\"https:\/\/sertsc.org.br\/site\/nota-de-pesar-8\/\">Leia mais<\/a><\/p>\n","protected":false},"author":1,"featured_media":11861,"comment_status":"closed","ping_status":"open","sticky":false,"template":"","format":"standard","meta":{"footnotes":""},"categories":[3],"tags":[],"class_list":{"0":"post-19517","1":"post","2":"type-post","3":"status-publish","4":"format-standard","5":"has-post-thumbnail","7":"category-noticias"},"_links":{"self":[{"href":"https:\/\/sertsc.org.br\/site\/wp-json\/wp\/v2\/posts\/19517","targetHints":{"allow":["GET"]}}],"collection":[{"href":"https:\/\/sertsc.org.br\/site\/wp-json\/wp\/v2\/posts"}],"about":[{"href":"https:\/\/sertsc.org.br\/site\/wp-json\/wp\/v2\/types\/post"}],"author":[{"embeddable":true,"href":"https:\/\/sertsc.org.br\/site\/wp-json\/wp\/v2\/users\/1"}],"replies":[{"embeddable":true,"href":"https:\/\/sertsc.org.br\/site\/wp-json\/wp\/v2\/comments?post=19517"}],"version-history":[{"count":0,"href":"https:\/\/sertsc.org.br\/site\/wp-json\/wp\/v2\/posts\/19517\/revisions"}],"wp:featuredmedia":[{"embeddable":true,"href":"https:\/\/sertsc.org.br\/site\/wp-json\/"}],"wp:attachment":[{"href":"https:\/\/sertsc.org.br\/site\/wp-json\/wp\/v2\/media?parent=19517"}],"wp:term":[{"taxonomy":"category","embeddable":true,"href":"https:\/\/sertsc.org.br\/site\/wp-json\/wp\/v2\/categories?post=19517"},{"taxonomy":"post_tag","embeddable":true,"href":"https:\/\/sertsc.org.br\/site\/wp-json\/wp\/v2\/tags?post=19517"}],"curies":[{"name":"wp","href":"https:\/\/api.w.org\/{rel}","templated":true}]}}