{"id":19516,"date":"2020-03-19T10:43:34","date_gmt":"2020-03-19T13:43:34","guid":{"rendered":"http:\/\/www.sertsc.org.br\/site\/?p=12056"},"modified":"2020-03-19T10:43:34","modified_gmt":"2020-03-19T13:43:34","slug":"cnc-fala-em-tirar-tributos-de-telecom-teles-pensam-em-adiamento-do-fistel","status":"publish","type":"post","link":"https:\/\/sertsc.org.br\/site\/cnc-fala-em-tirar-tributos-de-telecom-teles-pensam-em-adiamento-do-fistel\/","title":{"rendered":"CNC fala em tirar tributos de telecom; teles pensam em adiamento do Fistel"},"content":{"rendered":"<p style=\"text-align: justify;\">A Confedera\u00e7\u00e3o Nacional do Com\u00e9rcio de Bens, Servi\u00e7os e Turismo (CNC)\u00a0<a href=\"http:\/\/www.cnc.org.br\/editorias\/acoes-institucionais\/noticias\/cnc-apresenta-ao-governo-propostas-para-reduzir-crise-do\" rel=\"nofollow external noopener noreferrer\" data-wpel-link=\"external\">formalizou ao governo uma lista de demandas para que o setor\u00a0<\/a>possa enfrentar a crise do Coronav\u00edrus e a forte desacelera\u00e7\u00e3o das atividades de servi\u00e7o. Entre as medidas apontadas pela CNC como necess\u00e1rias nesse momento est\u00e1 a desonera\u00e7\u00e3o de tributos federais de servi\u00e7os de \u00e1gua, energia e telecomunica\u00e7\u00f5es. A medida est\u00e1 em linha com o que j\u00e1 se discute nos bastidores entre as operadoras de telecomunica\u00e7\u00f5es: um adiamento do pagamento do Fistel, que vence no final do m\u00eas (cerca de R$ 3 bilh\u00f5es) como forma de ajudar as operadoras a terem caixa para enfrentar eventuais investimentos e inadimpl\u00eancia durante o per\u00edodo de crise, e o uso emergencial dos fundos setoriais (especialmente o Fust) para garantir o acesso.\u00a0<a href=\"https:\/\/teletime.com.br\/18\/03\/2020\/primeiras-medidas-do-governo-para-crise-do-coronavirus-nao-incluem-telecom\/\" rel=\"follow\" data-wpel-link=\"internal\">No pacote de medidas econ\u00f4micas anunciadas nesta quarta, 18<\/a>, para combater a crise, n\u00e3o houve refer\u00eancia a nada ligado aos servi\u00e7os de telecom nem houve a participa\u00e7\u00e3o do Minist\u00e9rio de Ci\u00eancia, Tecnologia, Inova\u00e7\u00f5es e Comunica\u00e7\u00f5es.<\/p>\n<ul>\n<li style=\"text-align: justify;\">postergar o envio das obriga\u00e7\u00f5es acess\u00f3rias e do recolhimento do imposto de renda e demais contribui\u00e7\u00f5es federais, das pessoas jur\u00eddicas e f\u00edsicas, pelo prazo de 180 dias;<\/li>\n<li style=\"text-align: justify;\">implementar programa de regulariza\u00e7\u00e3o tribut\u00e1ria, com parcelamento dos tributos federais pelo prazo de 120 meses e redu\u00e7\u00e3o total de multas e juros, para todas as empresas, especialmente para as micro e pequenas empresas, inclusive as que optam pelo Simples Nacional, com car\u00eancia inicial de 180 dias para pagar a primeira parcela;<\/li>\n<li style=\"text-align: justify;\"><strong>diminui\u00e7\u00e3o dos tributos federais incidentes sobre a concess\u00e3o de servi\u00e7os p\u00fablicos (energia el\u00e9trica, \u00e1gua e telefonia); e<\/strong><\/li>\n<li style=\"text-align: justify;\">desonera\u00e7\u00e3o de medicamentos.<\/li>\n<li style=\"text-align: justify;\">libera\u00e7\u00e3o de saque de at\u00e9 50% do FGTS a todos os trabalhadores e possibilidade de aquisi\u00e7\u00e3o de mais de um im\u00f3vel no mesmo munic\u00edpio;<\/li>\n<li style=\"text-align: justify;\">reinser\u00e7\u00e3o do lay off \u2013 com o comprometimento das empresas que aderirem ao programa de garantir a estabilidade a seus trabalhadores por per\u00edodo a ser acordado, salvo desligamentos por justa causa; e<\/li>\n<li style=\"text-align: justify;\">desobriga\u00e7\u00e3o de registro de ponto eletr\u00f4nico durante o per\u00edodo de crise.<\/li>\n<li style=\"text-align: justify;\">Desenvolver medidas que possibilitem o setor financeiro\/banc\u00e1rio privado e p\u00fablico a conceder cr\u00e9ditos facilitados, preferencialmente sem juros ou com custos alinhados com a taxa b\u00e1sica, subsidiados pelo poder p\u00fablico, com seis meses de car\u00eancia, que possam garantir o fluxo de caixa\/capital de giro das empresas, especialmente para as micro e pequenas empresas;<\/li>\n<li style=\"text-align: justify;\">linha de cr\u00e9dito especial para os empres\u00e1rios do com\u00e9rcio, com car\u00eancia de 24 meses para in\u00edcio do pagamento;<\/li>\n<li style=\"text-align: justify;\">aumento do limite de cr\u00e9dito consignado, provisoriamente, para 40% do sal\u00e1rio ou benef\u00edcio;<\/li>\n<li style=\"text-align: justify;\">cria\u00e7\u00e3o de linha de cr\u00e9dito emergencial pelo BNDES; e<\/li>\n<li style=\"text-align: justify;\">estudo de viabiliza\u00e7\u00e3o para alterar a sistem\u00e1tica de demanda energ\u00e9tica.<\/li>\n<li style=\"text-align: justify;\">prorroga\u00e7\u00e3o da validade de certid\u00f5es negativas por mais seis meses, visando \u00e0 habilita\u00e7\u00e3o das empresas em processos licitat\u00f3rios e gera\u00e7\u00e3o de caixa.<\/li>\n<\/ul>\n<p>Fonte: Teletime<\/p>\n","protected":false},"excerpt":{"rendered":"<p>A Confedera\u00e7\u00e3o Nacional do Com\u00e9rcio de Bens, Servi\u00e7os e Turismo&hellip;<\/p>\n<p> <a class=\"more-link\" href=\"https:\/\/sertsc.org.br\/site\/cnc-fala-em-tirar-tributos-de-telecom-teles-pensam-em-adiamento-do-fistel\/\">Leia mais<\/a><\/p>\n","protected":false},"author":1,"featured_media":12057,"comment_status":"closed","ping_status":"open","sticky":false,"template":"","format":"standard","meta":{"footnotes":""},"categories":[3],"tags":[],"class_list":{"0":"post-19516","1":"post","2":"type-post","3":"status-publish","4":"format-standard","5":"has-post-thumbnail","7":"category-noticias"},"_links":{"self":[{"href":"https:\/\/sertsc.org.br\/site\/wp-json\/wp\/v2\/posts\/19516","targetHints":{"allow":["GET"]}}],"collection":[{"href":"https:\/\/sertsc.org.br\/site\/wp-json\/wp\/v2\/posts"}],"about":[{"href":"https:\/\/sertsc.org.br\/site\/wp-json\/wp\/v2\/types\/post"}],"author":[{"embeddable":true,"href":"https:\/\/sertsc.org.br\/site\/wp-json\/wp\/v2\/users\/1"}],"replies":[{"embeddable":true,"href":"https:\/\/sertsc.org.br\/site\/wp-json\/wp\/v2\/comments?post=19516"}],"version-history":[{"count":0,"href":"https:\/\/sertsc.org.br\/site\/wp-json\/wp\/v2\/posts\/19516\/revisions"}],"wp:featuredmedia":[{"embeddable":true,"href":"https:\/\/sertsc.org.br\/site\/wp-json\/"}],"wp:attachment":[{"href":"https:\/\/sertsc.org.br\/site\/wp-json\/wp\/v2\/media?parent=19516"}],"wp:term":[{"taxonomy":"category","embeddable":true,"href":"https:\/\/sertsc.org.br\/site\/wp-json\/wp\/v2\/categories?post=19516"},{"taxonomy":"post_tag","embeddable":true,"href":"https:\/\/sertsc.org.br\/site\/wp-json\/wp\/v2\/tags?post=19516"}],"curies":[{"name":"wp","href":"https:\/\/api.w.org\/{rel}","templated":true}]}}