{"id":19514,"date":"2020-03-18T09:52:09","date_gmt":"2020-03-18T12:52:09","guid":{"rendered":"http:\/\/www.sertsc.org.br\/site\/?p=12038"},"modified":"2020-03-18T09:52:09","modified_gmt":"2020-03-18T12:52:09","slug":"coronavirus-federacao-faz-alerta-aos-comunicadores-sobre-prevencao-e-ressalta-papel-do-radio-e-tv","status":"publish","type":"post","link":"https:\/\/sertsc.org.br\/site\/coronavirus-federacao-faz-alerta-aos-comunicadores-sobre-prevencao-e-ressalta-papel-do-radio-e-tv\/","title":{"rendered":"Coronav\u00edrus: Federa\u00e7\u00e3o faz alerta aos comunicadores sobre preven\u00e7\u00e3o e ressalta papel do R\u00e1dio e TV"},"content":{"rendered":"<p style=\"text-align: justify;\">A Federa\u00e7\u00e3o Nacional de Empresas de R\u00e1dio e Televis\u00e3o (Fenaert) emitiu um alerta sobre os cuidados que os comunicadores de R\u00e1dio e TV devem ter durante o per\u00edodo de pandemia do coronav\u00edrus, causador da doen\u00e7a Covid-19. A entidade tamb\u00e9m destacou a import\u00e2ncia dos meios de comunica\u00e7\u00e3o na propaga\u00e7\u00e3o de not\u00edcias e informa\u00e7\u00f5es importantes sobre a preven\u00e7\u00e3o ao v\u00edrus. O \u00faltimo balan\u00e7o oficial do Minist\u00e9rio da Sa\u00fade aponta 291 infectados pelo coronav\u00edrus no Brasil. Como forma de preven\u00e7\u00e3o, o\u00a0tudoradio.com\u00a0destacou\u00a0<strong><a href=\"https:\/\/tudoradio.com\/noticias\/ver\/23176-especial-coronavirus-muda-rotina-de-trabalho-das-emissoras-e-pode-reafirmar-importancia-da-midia\">diversas r\u00e1dios j\u00e1 adotaram o sistema de home office para profissionais<\/a><\/strong>\u00a0que n\u00e3o atuam no setor art\u00edstico.<\/p>\n<p style=\"text-align: justify;\">Assinado pelo presidente da entidade, Guliver Le\u00e3o, o alerta da Fenaert ressalta o papel dos comunicadores na produ\u00e7\u00e3o de conte\u00fado relevante e factual. Mas \u00e9 importante tamb\u00e9m manter a preven\u00e7\u00e3o para evitar a dissemina\u00e7\u00e3o do Covid-19 com a\u00e7\u00f5es de higieniza\u00e7\u00e3o e cuidados espec\u00edficos. A recomenda\u00e7\u00e3o do Minist\u00e9rio da Sa\u00fade \u00e9 para que pessoas com sintomas como febre, tosse e dificuldade de respirar fiquem em isolamento.<\/p>\n<p style=\"text-align: justify;\">A federa\u00e7\u00e3o enfatiza os cuidados recomendados, que s\u00e3o sempre lavar as m\u00e3os com frequ\u00eancia, utilizar \u00e1lcool em gel e evitar aglomera\u00e7\u00f5es, al\u00e9m de evitar contato f\u00edsico. Os comunicadores devem ficar atentos aos seus equipamentos de uso di\u00e1rio, que tamb\u00e9m devem ser higienizados, como celulares, microfones, e at\u00e9 mesmo teclado e mouse, que costumam ser esquecidos.<\/p>\n<p style=\"text-align: justify;\">A Fernaert tamb\u00e9m ressaltou que \u00e9 fundamental a comunica\u00e7\u00e3o de sintomas para realiza\u00e7\u00e3o do teste e afastamento, a fim de prevenir a dissemina\u00e7\u00e3o e a preserva\u00e7\u00e3o da sa\u00fade do profissional. \u201cNeste momento, vamos todos nos unir em torno das medidas necess\u00e1rias para evitar que o v\u00edrus se espalhe e tamb\u00e9m no cuidado da divulga\u00e7\u00e3o de informa\u00e7\u00f5es precisas e relevantes\u201d, completa Guliver Le\u00e3o, presidente da Federa\u00e7\u00e3o Nacional de Empresas de R\u00e1dio e Televis\u00e3o (Fenaert).<\/p>\n<p style=\"text-align: justify;\">A divulga\u00e7\u00e3o de not\u00edcias de interesse p\u00fablico com objetividade e veracidade \u00e9 de suma import\u00e2ncia, mas os cuidados de preven\u00e7\u00e3o tamb\u00e9m s\u00e3o essenciais para manter a popula\u00e7\u00e3o atualizada diariamente. Por isso, a Fenaert alerta para que todas as recomenda\u00e7\u00f5es do Minist\u00e9rio da Sa\u00fade sejam respeitadas e, em caso de novas diretrizes, divulgar\u00e1 as a\u00e7\u00f5es necess\u00e1rias.<\/p>\n<p>Fonte: Tudor\u00e1dio<\/p>\n","protected":false},"excerpt":{"rendered":"<p>A Federa\u00e7\u00e3o Nacional de Empresas de R\u00e1dio e Televis\u00e3o (Fenaert)&hellip;<\/p>\n<p> <a class=\"more-link\" href=\"https:\/\/sertsc.org.br\/site\/coronavirus-federacao-faz-alerta-aos-comunicadores-sobre-prevencao-e-ressalta-papel-do-radio-e-tv\/\">Leia mais<\/a><\/p>\n","protected":false},"author":1,"featured_media":12039,"comment_status":"closed","ping_status":"open","sticky":false,"template":"","format":"standard","meta":{"footnotes":""},"categories":[3],"tags":[],"class_list":{"0":"post-19514","1":"post","2":"type-post","3":"status-publish","4":"format-standard","5":"has-post-thumbnail","7":"category-noticias"},"_links":{"self":[{"href":"https:\/\/sertsc.org.br\/site\/wp-json\/wp\/v2\/posts\/19514","targetHints":{"allow":["GET"]}}],"collection":[{"href":"https:\/\/sertsc.org.br\/site\/wp-json\/wp\/v2\/posts"}],"about":[{"href":"https:\/\/sertsc.org.br\/site\/wp-json\/wp\/v2\/types\/post"}],"author":[{"embeddable":true,"href":"https:\/\/sertsc.org.br\/site\/wp-json\/wp\/v2\/users\/1"}],"replies":[{"embeddable":true,"href":"https:\/\/sertsc.org.br\/site\/wp-json\/wp\/v2\/comments?post=19514"}],"version-history":[{"count":0,"href":"https:\/\/sertsc.org.br\/site\/wp-json\/wp\/v2\/posts\/19514\/revisions"}],"wp:featuredmedia":[{"embeddable":true,"href":"https:\/\/sertsc.org.br\/site\/wp-json\/"}],"wp:attachment":[{"href":"https:\/\/sertsc.org.br\/site\/wp-json\/wp\/v2\/media?parent=19514"}],"wp:term":[{"taxonomy":"category","embeddable":true,"href":"https:\/\/sertsc.org.br\/site\/wp-json\/wp\/v2\/categories?post=19514"},{"taxonomy":"post_tag","embeddable":true,"href":"https:\/\/sertsc.org.br\/site\/wp-json\/wp\/v2\/tags?post=19514"}],"curies":[{"name":"wp","href":"https:\/\/api.w.org\/{rel}","templated":true}]}}