{"id":19510,"date":"2019-12-20T10:50:30","date_gmt":"2019-12-20T13:50:30","guid":{"rendered":"http:\/\/www.sertsc.org.br\/site\/?p=11573"},"modified":"2019-12-20T10:50:30","modified_gmt":"2019-12-20T13:50:30","slug":"edital-de-convocacao-assembleia-geral-extraordina","status":"publish","type":"post","link":"https:\/\/sertsc.org.br\/site\/edital-de-convocacao-assembleia-geral-extraordina\/","title":{"rendered":"EDITAL DE CONVOCA\u00c7\u00c3O ASSEMBLEIA GERAL EXTRAORDIN\u00c1RIA"},"content":{"rendered":"<p style=\"text-align: justify;\">A Presidente do Sindicato das Empresas de R\u00e1dio e Televis\u00e3o do Estado de Santa Catarina \u2013 SERT\/SC, no uso das atribui\u00e7\u00f5es regimentais contidas em seu Estatuto Social, <strong><u>CONVOCA<\/u><\/strong> toda a categoria econ\u00f4mica para comparecerem \u00e0 <strong>ASSEMBLEIA GERAL EXTRAORDIN\u00c1RIA<\/strong>, a realizar-se na sede social, localizada na Rua Saldanha Marinho, 374, Ed. Zigurate, sala 603, Florian\u00f3polis\/SC, no <strong>dia 17 de janeiro de 2020<\/strong>, ocorrendo a 1\u00aa CONVOCA\u00c7\u00c3O \u00e0s 9h30 com a presen\u00e7a de no m\u00ednimo tr\u00eas quarto (3\/4) das filiadas e em 2\u00aa CONVOCA\u00c7\u00c3O \u00e0s 10h com qualquer n\u00famero de filiadas para deliberarem pela maioria absoluta de votos das empresas presentes na Assembleia, sobre a seguinte:<\/p>\n<p>&nbsp;<\/p>\n<p><strong>ORDEM DO DIA:<\/strong><\/p>\n<p>&nbsp;<\/p>\n<ul>\n<li>Delibera\u00e7\u00e3o sobre a pauta das reivindica\u00e7\u00f5es do exerc\u00edcio de 2020 dos Sindicatos dos Radialistas;<\/li>\n<\/ul>\n<p>&nbsp;<\/p>\n<ul>\n<li>Forma\u00e7\u00e3o da Comiss\u00e3o de Negocia\u00e7\u00e3o;<\/li>\n<\/ul>\n<p>&nbsp;<\/p>\n<ul>\n<li>Delibera\u00e7\u00e3o quanto a perman\u00eancia da AGE aberta at\u00e9 a conclus\u00e3o da negocia\u00e7\u00e3o ou instru\u00e7\u00e3o do Diss\u00eddio Coletivo.<\/li>\n<\/ul>\n<p>&nbsp;<\/p>\n","protected":false},"excerpt":{"rendered":"<p>A Presidente do Sindicato das Empresas de R\u00e1dio e Televis\u00e3o&hellip;<\/p>\n<p> <a class=\"more-link\" href=\"https:\/\/sertsc.org.br\/site\/edital-de-convocacao-assembleia-geral-extraordina\/\">Leia mais<\/a><\/p>\n","protected":false},"author":1,"featured_media":11574,"comment_status":"closed","ping_status":"open","sticky":false,"template":"","format":"standard","meta":{"footnotes":""},"categories":[3],"tags":[],"class_list":{"0":"post-19510","1":"post","2":"type-post","3":"status-publish","4":"format-standard","5":"has-post-thumbnail","7":"category-noticias"},"_links":{"self":[{"href":"https:\/\/sertsc.org.br\/site\/wp-json\/wp\/v2\/posts\/19510","targetHints":{"allow":["GET"]}}],"collection":[{"href":"https:\/\/sertsc.org.br\/site\/wp-json\/wp\/v2\/posts"}],"about":[{"href":"https:\/\/sertsc.org.br\/site\/wp-json\/wp\/v2\/types\/post"}],"author":[{"embeddable":true,"href":"https:\/\/sertsc.org.br\/site\/wp-json\/wp\/v2\/users\/1"}],"replies":[{"embeddable":true,"href":"https:\/\/sertsc.org.br\/site\/wp-json\/wp\/v2\/comments?post=19510"}],"version-history":[{"count":0,"href":"https:\/\/sertsc.org.br\/site\/wp-json\/wp\/v2\/posts\/19510\/revisions"}],"wp:featuredmedia":[{"embeddable":true,"href":"https:\/\/sertsc.org.br\/site\/wp-json\/"}],"wp:attachment":[{"href":"https:\/\/sertsc.org.br\/site\/wp-json\/wp\/v2\/media?parent=19510"}],"wp:term":[{"taxonomy":"category","embeddable":true,"href":"https:\/\/sertsc.org.br\/site\/wp-json\/wp\/v2\/categories?post=19510"},{"taxonomy":"post_tag","embeddable":true,"href":"https:\/\/sertsc.org.br\/site\/wp-json\/wp\/v2\/tags?post=19510"}],"curies":[{"name":"wp","href":"https:\/\/api.w.org\/{rel}","templated":true}]}}